{"id":59558,"date":"2024-10-15T17:49:51","date_gmt":"2024-10-15T23:49:51","guid":{"rendered":"https:\/\/encuentroinformativo.com.mx\/?p=59558"},"modified":"2024-10-15T17:49:57","modified_gmt":"2024-10-15T23:49:57","slug":"convocan-a-celebrar-festival-por-dia-de-muertos-en-zongolica","status":"publish","type":"post","link":"https:\/\/encuentroinformativo.com.mx\/?p=59558","title":{"rendered":"Convocan a celebrar festival por D\u00eda de Muertos en Zongolica"},"content":{"rendered":"\n<p><strong>Dar\u00edo Pale <\/strong><\/p>\n\n\n\n<p>Xalapa, Ver.- Invitan a la ciudadan\u00eda en general al Festival de D\u00eda de Muertos Mikkailwitl, en Zongolica, el cual se realizar\u00e1 del 29 al 31 de octubre, as\u00ed lo dio a conocer la directora de Turismo en ese ayuntamiento, Gemma Contreras Pale.\u00a0<\/p>\n\n\n\n<p>En conferencia de prensa dijo que habr\u00e1, Callejoneadas, un desfile y venta de productos artesanales y de comida tradicional ofrecer\u00e1 este municipio a sus visitantes a quienes compartir\u00e1n sus tradiciones de Todos Santos.\u00a0<\/p>\n\n\n\n<p>&#8220;Con este evento lo que tratamos de hacer es no olvidar est\u00e1s tradiciones&#8221; explic\u00f3 y que las actividades iniciar\u00e1n con un desfile y una callejoneada en la calle Azueta y se instalar\u00e1 la plaza de Todos Santos, donde se vende artesan\u00edas, barro y fruta para las ofrendas.\u00a0<\/p>\n\n\n\n<p>Acompa\u00f1ada del alcalde Wenceslao Cosme Reyes durante la presentaci\u00f3n de este evento que se llev\u00f3 acabo este martes en la Galer\u00eda de Arte Contempor\u00e1neo de Xalapa, dijo que esperan\u00a0 alrededor de 4 mil visitantes y turistas.<\/p>\n\n\n\n<p>Por \u00faltimo las autoridades municipales destacaron que Zongolica adem\u00e1s cuenta otros atractivos naturales y con caba\u00f1as, hoteles y hostales para hospedar a los visitantes.<\/p>\n","protected":false},"excerpt":{"rendered":"<p>Dar\u00edo Pale Xalapa, Ver.- Invitan a la ciudadan\u00eda en general al Festival de D\u00eda de Muertos Mikkailwitl, en Zongolica, el cual se realizar\u00e1 del 29 al 31 de octubre, as\u00ed lo dio a conocer la directora de Turismo en ese ayuntamiento, Gemma Contreras Pale.\u00a0 En conferencia de prensa dijo que habr\u00e1, Callejoneadas, un desfile y [&hellip;]<\/p>\n","protected":false},"author":2476,"featured_media":59559,"comment_status":"open","ping_status":"open","sticky":false,"template":"","format":"standard","meta":{"_jetpack_memberships_contains_paid_content":false,"footnotes":""},"categories":[2],"tags":[],"class_list":["post-59558","post","type-post","status-publish","format-standard","has-post-thumbnail","hentry","category-estado"],"jetpack_featured_media_url":"https:\/\/encuentroinformativo.com.mx\/wp-content\/uploads\/2024\/10\/IMG-20241015-WA0119.jpg","jetpack_sharing_enabled":true,"jetpack_likes_enabled":true,"amp_enabled":true,"_links":{"self":[{"href":"https:\/\/encuentroinformativo.com.mx\/index.php?rest_route=\/wp\/v2\/posts\/59558","targetHints":{"allow":["GET"]}}],"collection":[{"href":"https:\/\/encuentroinformativo.com.mx\/index.php?rest_route=\/wp\/v2\/posts"}],"about":[{"href":"https:\/\/encuentroinformativo.com.mx\/index.php?rest_route=\/wp\/v2\/types\/post"}],"author":[{"embeddable":true,"href":"https:\/\/encuentroinformativo.com.mx\/index.php?rest_route=\/wp\/v2\/users\/2476"}],"replies":[{"embeddable":true,"href":"https:\/\/encuentroinformativo.com.mx\/index.php?rest_route=%2Fwp%2Fv2%2Fcomments&post=59558"}],"version-history":[{"count":1,"href":"https:\/\/encuentroinformativo.com.mx\/index.php?rest_route=\/wp\/v2\/posts\/59558\/revisions"}],"predecessor-version":[{"id":59560,"href":"https:\/\/encuentroinformativo.com.mx\/index.php?rest_route=\/wp\/v2\/posts\/59558\/revisions\/59560"}],"wp:featuredmedia":[{"embeddable":true,"href":"https:\/\/encuentroinformativo.com.mx\/index.php?rest_route=\/wp\/v2\/media\/59559"}],"wp:attachment":[{"href":"https:\/\/encuentroinformativo.com.mx\/index.php?rest_route=%2Fwp%2Fv2%2Fmedia&parent=59558"}],"wp:term":[{"taxonomy":"category","embeddable":true,"href":"https:\/\/encuentroinformativo.com.mx\/index.php?rest_route=%2Fwp%2Fv2%2Fcategories&post=59558"},{"taxonomy":"post_tag","embeddable":true,"href":"https:\/\/encuentroinformativo.com.mx\/index.php?rest_route=%2Fwp%2Fv2%2Ftags&post=59558"}],"curies":[{"name":"wp","href":"https:\/\/api.w.org\/{rel}","templated":true}]}}