{"id":5957,"date":"2020-09-18T15:07:50","date_gmt":"2020-09-18T20:07:50","guid":{"rendered":"https:\/\/encuentroinformativo.com.mx\/?p=5957"},"modified":"2020-09-18T15:07:54","modified_gmt":"2020-09-18T20:07:54","slug":"niegan-cambios-de-adscripcion-arbitrarios-en-el-ipax","status":"publish","type":"post","link":"https:\/\/encuentroinformativo.com.mx\/?p=5957","title":{"rendered":"Niegan cambios de adscripci\u00f3n \u201carbitrarios\u201d en el IPAX"},"content":{"rendered":"\n<p><strong>Dar\u00edo Pale <\/strong><\/p>\n\n\n\n<p>Xalapa, Ver.- Los cambios de adscripci\u00f3n no se hacen de manera arbitraria en el Instituto de la Polic\u00eda Auxiliar y Protecci\u00f3n Patrimonial (IPAX), se realizan de acuerdo a las necesidades que tiene dicha instituci\u00f3n en las comandancias, as\u00ed lo se\u00f1al\u00f3 el comisionado de dicha instituci\u00f3n H\u00e9ctor Manuel Riveros Hern\u00e1ndez.<\/p>\n\n\n\n<p>Entrevistado en las instalaciones del IPAX dio a conocer que en algunos casos los mismo elementos han solicitado su cambio para estar m\u00e1s cerca de sus familiares y en algunos casos son para sustituir a quienes renuncian o se jubilan.<\/p>\n\n\n\n<p>&#8220;Mucha gente ya cumpli\u00f3 su etapa y tenemos que cubrir esos espacios, con ellos mismos no podemos cubrir esos espacios con gente nueva seria un retroceso econ\u00f3micamente para el Instituto incluso tendr\u00edamos que estar capacitando&#8221;, se\u00f1al\u00f3.<\/p>\n\n\n\n<p>El funcionario indic\u00f3 que hay mucha duplicidad de funciones en las mismas oficinas del IPAX, por lo que tiene echar mano de ese personal, para poder cubrir las vacantes que se van presentando ya que afortunadamente se han incrementado los servicios.<\/p>\n","protected":false},"excerpt":{"rendered":"<p>Dar\u00edo Pale Xalapa, Ver.- Los cambios de adscripci\u00f3n no se hacen de manera arbitraria en el Instituto de la Polic\u00eda Auxiliar y Protecci\u00f3n Patrimonial (IPAX), se realizan de acuerdo a las necesidades que tiene dicha instituci\u00f3n en las comandancias, as\u00ed lo se\u00f1al\u00f3 el comisionado de dicha instituci\u00f3n H\u00e9ctor Manuel Riveros Hern\u00e1ndez. Entrevistado en las instalaciones [&hellip;]<\/p>\n","protected":false},"author":1,"featured_media":5958,"comment_status":"open","ping_status":"open","sticky":false,"template":"","format":"aside","meta":{"_jetpack_memberships_contains_paid_content":false,"footnotes":""},"categories":[2],"tags":[],"class_list":["post-5957","post","type-post","status-publish","format-aside","has-post-thumbnail","hentry","category-estado","post_format-post-format-aside"],"jetpack_featured_media_url":"https:\/\/encuentroinformativo.com.mx\/wp-content\/uploads\/2020\/09\/AE1E50E4-3612-466B-A1ED-9AD3A05D8203.jpeg","jetpack_sharing_enabled":true,"jetpack_likes_enabled":true,"amp_enabled":true,"_links":{"self":[{"href":"https:\/\/encuentroinformativo.com.mx\/index.php?rest_route=\/wp\/v2\/posts\/5957","targetHints":{"allow":["GET"]}}],"collection":[{"href":"https:\/\/encuentroinformativo.com.mx\/index.php?rest_route=\/wp\/v2\/posts"}],"about":[{"href":"https:\/\/encuentroinformativo.com.mx\/index.php?rest_route=\/wp\/v2\/types\/post"}],"author":[{"embeddable":true,"href":"https:\/\/encuentroinformativo.com.mx\/index.php?rest_route=\/wp\/v2\/users\/1"}],"replies":[{"embeddable":true,"href":"https:\/\/encuentroinformativo.com.mx\/index.php?rest_route=%2Fwp%2Fv2%2Fcomments&post=5957"}],"version-history":[{"count":1,"href":"https:\/\/encuentroinformativo.com.mx\/index.php?rest_route=\/wp\/v2\/posts\/5957\/revisions"}],"predecessor-version":[{"id":5959,"href":"https:\/\/encuentroinformativo.com.mx\/index.php?rest_route=\/wp\/v2\/posts\/5957\/revisions\/5959"}],"wp:featuredmedia":[{"embeddable":true,"href":"https:\/\/encuentroinformativo.com.mx\/index.php?rest_route=\/wp\/v2\/media\/5958"}],"wp:attachment":[{"href":"https:\/\/encuentroinformativo.com.mx\/index.php?rest_route=%2Fwp%2Fv2%2Fmedia&parent=5957"}],"wp:term":[{"taxonomy":"category","embeddable":true,"href":"https:\/\/encuentroinformativo.com.mx\/index.php?rest_route=%2Fwp%2Fv2%2Fcategories&post=5957"},{"taxonomy":"post_tag","embeddable":true,"href":"https:\/\/encuentroinformativo.com.mx\/index.php?rest_route=%2Fwp%2Fv2%2Ftags&post=5957"}],"curies":[{"name":"wp","href":"https:\/\/api.w.org\/{rel}","templated":true}]}}