{"id":59584,"date":"2024-10-16T09:33:51","date_gmt":"2024-10-16T15:33:51","guid":{"rendered":"https:\/\/encuentroinformativo.com.mx\/?p=59584"},"modified":"2024-10-16T09:33:56","modified_gmt":"2024-10-16T15:33:56","slug":"paro-de-labores-en-la-normal-acusan-a-autoridades-de-violar-autonomia","status":"publish","type":"post","link":"https:\/\/encuentroinformativo.com.mx\/?p=59584","title":{"rendered":"Paro de labores en la Normal, acusan a autoridades de violar autonom\u00eda"},"content":{"rendered":"\n<p><strong>Dar\u00edo Pale <\/strong><\/p>\n\n\n\n<p>Xalapa, Ver.- Directivos y maestros de la Benem\u00e9rita Escuela Normal Veracruzana &#8220;Enrique C. R\u00e9bsamen\u201d tomaron las instalaciones de este plantel en protesta a la designaci\u00f3n de director\u00a0 en la Telesecundaria Anexa a la Normal a trav\u00e9s de la Unidad del Sistema\u00a0 para la Carrera de Maestras y Maestros (UCICAM) de la Secretar\u00eda de Educaci\u00f3n.\u00a0<\/p>\n\n\n\n<p>Por lo anterior la Normal Veracruzana y sus escuelas anexas iniciaron desde temprana hora el paro de labores que anunciaron desde el d\u00eda de ayer y que tendr\u00e1 una duraci\u00f3n de 12 horas, ya que intentan violar su autonomia por parte del gobierno de Cuitl\u00e1huac Garc\u00eda Jim\u00e9nez, al querer nombrar a los directores de las escuelas anexas.<\/p>\n\n\n\n<p>En entrevista el director de este plantel, Gerardo G\u00f3mez Salas\u00a0 explic\u00f3 que siempre ha sido la escuela Normal Veracruzana la que ha nombrado a los directores de todas sus escuelas anexas, tanto del jard\u00edn de ni\u00f1os, la primaria y la telesecundaria, por\u00a0 que debe ser un maestro\u00a0 \u00a0de la misma escuela normal.\u00a0<\/p>\n\n\n\n<p>Esta manifestaci\u00f3n se acord\u00f3 desde las 6 de la ma\u00f1ana de este mi\u00e9rcoles y hasta las 6 de la tarde, luego de que la Jefa del departamento de Telesecundarias a nivel estatal notific\u00f3 la designaci\u00f3n de un nuevo director a trav\u00e9s de UCICAM.<\/p>\n\n\n\n<p>&#8220;Lo que solicitamos nosotros es que las escuelas anexas a la Benem\u00e9rita Escuela Normal Veracruzana desde su fundaci\u00f3n en 1886 tiene sus escuelas anexas donde nosotros mantenemos una vinculaci\u00f3n acad\u00e9mica y administrativa. Las escuelas anexas se fundan para que nuestros estudiantes puedan hacer sus pr\u00e1cticas educativas en un contexto real&#8221;, agreg\u00f3.<\/p>\n\n\n\n<p>Subray\u00f3 que es un paro general por la defensa y respeto a la Benem\u00e9rita Escuela Normal Veracruzana y sus escuelas anexas, como la Escuela Primaria Pr\u00e1ctica Anexa, El Jard\u00edn de NI\u00d1OS Experimental Anexo a la Normales, el CAE que est\u00e1 dentro de la escuela y la Telesecundaria Anexa a la Benem\u00e9rita Escuela Normal Veracruzana y que se ubican en dos predios contiguos.<\/p>\n\n\n\n<p>Record\u00f3 que hace 138 a\u00f1os estas escuelas anexas como la Primaria Pr\u00e1ctica Anexa, el Jard\u00edn de Ni\u00f1os &#8220;Experimental&#8221;, la Telesecundaria y el Centro de Atenci\u00f3n Infantil se fundaron para las pr\u00e1cticas educativas en un contexto real de los normalistas, adem\u00e1s de ser espacios construidos en el campus de la instituci\u00f3n.\u00a0<\/p>\n\n\n\n<p>&#8220;Tuvimos reuniones con la jefa de departamento de Telesecundarias Estatales, tuvimos un di\u00e1logo porque los directores son nombrados con nuestro reglamento interno desde hace 138 a\u00f1os y mantenemos esa autonom\u00eda&#8221;, explic\u00f3.\u00a0<\/p>\n\n\n\n<p>Por \u00faltimo precis\u00f3 que est\u00e1n pidiendo la atenci\u00f3n del Secretario de Educaci\u00f3n, V\u00edctor Vargas Barrientos para que les d\u00e9 una respuesta favorable a sus peticiones, pues de lo contrario se reunir\u00e1 nuevamente la Junta Acad\u00e9mica para determinar las siguientes acciones.<\/p>\n\n\n\n<figure class=\"wp-block-image size-large\"><img loading=\"lazy\" decoding=\"async\" width=\"1024\" height=\"576\" src=\"https:\/\/encuentroinformativo.com.mx\/wp-content\/uploads\/2024\/10\/1000406140-1024x576.jpg\" alt=\"\" class=\"wp-image-59586\" srcset=\"https:\/\/encuentroinformativo.com.mx\/wp-content\/uploads\/2024\/10\/1000406140-1024x576.jpg 1024w, https:\/\/encuentroinformativo.com.mx\/wp-content\/uploads\/2024\/10\/1000406140-300x169.jpg 300w, https:\/\/encuentroinformativo.com.mx\/wp-content\/uploads\/2024\/10\/1000406140-768x432.jpg 768w, https:\/\/encuentroinformativo.com.mx\/wp-content\/uploads\/2024\/10\/1000406140-1536x864.jpg 1536w, https:\/\/encuentroinformativo.com.mx\/wp-content\/uploads\/2024\/10\/1000406140.jpg 1600w\" sizes=\"auto, (max-width: 1024px) 100vw, 1024px\" \/><\/figure>\n","protected":false},"excerpt":{"rendered":"<p>Dar\u00edo Pale Xalapa, Ver.- Directivos y maestros de la Benem\u00e9rita Escuela Normal Veracruzana &#8220;Enrique C. R\u00e9bsamen\u201d tomaron las instalaciones de este plantel en protesta a la designaci\u00f3n de director\u00a0 en la Telesecundaria Anexa a la Normal a trav\u00e9s de la Unidad del Sistema\u00a0 para la Carrera de Maestras y Maestros (UCICAM) de la Secretar\u00eda de [&hellip;]<\/p>\n","protected":false},"author":2476,"featured_media":59585,"comment_status":"open","ping_status":"open","sticky":false,"template":"","format":"standard","meta":{"_jetpack_memberships_contains_paid_content":false,"footnotes":""},"categories":[3],"tags":[],"class_list":["post-59584","post","type-post","status-publish","format-standard","has-post-thumbnail","hentry","category-xalapa"],"jetpack_featured_media_url":"https:\/\/encuentroinformativo.com.mx\/wp-content\/uploads\/2024\/10\/IMG-20241016-WA0017.jpg","jetpack_sharing_enabled":true,"jetpack_likes_enabled":true,"amp_enabled":true,"_links":{"self":[{"href":"https:\/\/encuentroinformativo.com.mx\/index.php?rest_route=\/wp\/v2\/posts\/59584","targetHints":{"allow":["GET"]}}],"collection":[{"href":"https:\/\/encuentroinformativo.com.mx\/index.php?rest_route=\/wp\/v2\/posts"}],"about":[{"href":"https:\/\/encuentroinformativo.com.mx\/index.php?rest_route=\/wp\/v2\/types\/post"}],"author":[{"embeddable":true,"href":"https:\/\/encuentroinformativo.com.mx\/index.php?rest_route=\/wp\/v2\/users\/2476"}],"replies":[{"embeddable":true,"href":"https:\/\/encuentroinformativo.com.mx\/index.php?rest_route=%2Fwp%2Fv2%2Fcomments&post=59584"}],"version-history":[{"count":1,"href":"https:\/\/encuentroinformativo.com.mx\/index.php?rest_route=\/wp\/v2\/posts\/59584\/revisions"}],"predecessor-version":[{"id":59587,"href":"https:\/\/encuentroinformativo.com.mx\/index.php?rest_route=\/wp\/v2\/posts\/59584\/revisions\/59587"}],"wp:featuredmedia":[{"embeddable":true,"href":"https:\/\/encuentroinformativo.com.mx\/index.php?rest_route=\/wp\/v2\/media\/59585"}],"wp:attachment":[{"href":"https:\/\/encuentroinformativo.com.mx\/index.php?rest_route=%2Fwp%2Fv2%2Fmedia&parent=59584"}],"wp:term":[{"taxonomy":"category","embeddable":true,"href":"https:\/\/encuentroinformativo.com.mx\/index.php?rest_route=%2Fwp%2Fv2%2Fcategories&post=59584"},{"taxonomy":"post_tag","embeddable":true,"href":"https:\/\/encuentroinformativo.com.mx\/index.php?rest_route=%2Fwp%2Fv2%2Ftags&post=59584"}],"curies":[{"name":"wp","href":"https:\/\/api.w.org\/{rel}","templated":true}]}}