{"id":59591,"date":"2024-10-16T09:46:43","date_gmt":"2024-10-16T15:46:43","guid":{"rendered":"https:\/\/encuentroinformativo.com.mx\/?p=59591"},"modified":"2024-10-16T09:46:50","modified_gmt":"2024-10-16T15:46:50","slug":"docentes-de-telesecundaria-anexa-se-deslindan-de-protestas","status":"publish","type":"post","link":"https:\/\/encuentroinformativo.com.mx\/?p=59591","title":{"rendered":"Docentes de Telesecundaria Anexa se deslindan de protestas"},"content":{"rendered":"\n<p><strong>Dar\u00edo Pale <\/strong><\/p>\n\n\n\n<p>Xalapa, Ver.- Los docentes de la Telesecundaria Anexa a la Benem\u00e9rita Escuela Normal Veracruzana, se pronunciaron en contra de la toma de las instalaciones sin consultarlos, lo cual ocasion\u00f3 la molestia tanto de los maestros como de algunos padres de familia.<\/p>\n\n\n\n<p>Debido a esto los trabajadores de la Telesecundaria mediante un documento expresan su inconformidad en el cual se\u00f1alan lo siguiente:\u00a0<\/p>\n\n\n\n<p>Xalapa, Ver 16 de octubre de 2024<\/p>\n\n\n\n<p>A la Opini\u00f3n P\u00fablica<\/p>\n\n\n\n<p>Los trabajadores de la telesecundaria con clave 30ETV0459K, la mal llamada \u201cTelesecundaria Anexa a la Benv\u201d, damos a conocer nuestra inconformidad con lo que est\u00e1 haciendo el director de la Normal Veracruzana, Gerardo G\u00f3mez Salas, ya que han tomado nuestras instalaciones de trabajo sin consultarnos, rechazamos toda injerencia de la normal veracruzana hacia nuestra escuela, los trabajadores reconocemos y hacemos valer como \u00fanico patr\u00f3n a la Secretar\u00eda de Educaci\u00f3n del Estado de Veracruz.\u00a0<\/p>\n\n\n\n<p>La telesecundaria desde sus inicios fue apoyada con los recursos de espacios educativos\u00a0 del gobierno del estado, rechazamos que sea un anexo a la\u00a0 Normal Veracruzana, porque la telesecundaria no cuenta con planes o programas de estudio diferentes a otra telesecundaria, la escuela funciona como cualquier otra telesecundaria del pa\u00eds, es cierto que van a realizar sus pr\u00e1cticas los estudiantes de la normal pero ojo ah\u00ed son pr\u00e1cticas que los estudiantes hacen al igual que en otras escuelas, tanto en la ciudad de Xalapa como en algunas otras comunidades o municipios.\u00a0<\/p>\n\n\n\n<p>La telesecundaria siempre ha estado abierta para que los estudiantes puedan hacer las actividades escolares.<\/p>\n\n\n\n<p>Los trabajadores de la telesecundaria siempre hemos estado abiertos al di\u00e1logo, pero el poderoso director de la Normal veracruzana, Gerardo G\u00f3mez Salas solo da visto bueno algunos de los trabajadores de la escuela, porque algunos de los maestros dice no son parte de su gremio, y al personal de apoyo a la educaci\u00f3n y personal administrativo no son dignos ante sus ojos porque simplemente dice \u201cellos no cuentan\u201d, estas viejas pr\u00e1cticas deben terminar ya que todos en una escuela cuentan como trabajadores, pues para que una escuela funcione correctamente todos deben cumplir una funci\u00f3n.<\/p>\n\n\n\n<p>Aclaramos que de anexo solo es de nombre, ya que nunca se ha visto como tal, siempre ha puesto a sus directivos comisionados la Secretar\u00eda de Educaci\u00f3n y ahora el director de la normal quiere venir a imponerse.<\/p>\n\n\n\n<p>Rechazamos ser violentados e intimidados ante un nuevo nombramiento ya que hasta el momento no hemos sido notificados por la Secretar\u00eda de Educaci\u00f3n de alg\u00fan cambio de directivo en la plantilla escolar.<\/p>\n\n\n\n<p>Lo que observamos es que el verdadero asunto que le atrae al director de la normal es el poder, es el dinero que pueda generarse en la instituci\u00f3n, ya que la escuela cuenta con m\u00e1s de 400 alumnos y todos ellos pagan una cuota escolar al ingresar.\u00a0<\/p>\n\n\n\n<p>As\u00ed como la ganancia que pueda generarse en las kerm\u00e9s que se realizan a\u00f1o con a\u00f1o durante el ciclo escolar.<\/p>\n\n\n\n<p>Finaliza el documento.<\/p>\n\n\n\n<figure class=\"wp-block-image size-large\"><img loading=\"lazy\" decoding=\"async\" width=\"866\" height=\"1024\" src=\"https:\/\/encuentroinformativo.com.mx\/wp-content\/uploads\/2024\/10\/1000406144-866x1024.jpg\" alt=\"\" class=\"wp-image-59593\" srcset=\"https:\/\/encuentroinformativo.com.mx\/wp-content\/uploads\/2024\/10\/1000406144-866x1024.jpg 866w, https:\/\/encuentroinformativo.com.mx\/wp-content\/uploads\/2024\/10\/1000406144-254x300.jpg 254w, https:\/\/encuentroinformativo.com.mx\/wp-content\/uploads\/2024\/10\/1000406144-768x908.jpg 768w, https:\/\/encuentroinformativo.com.mx\/wp-content\/uploads\/2024\/10\/1000406144.jpg 1080w\" sizes=\"auto, (max-width: 866px) 100vw, 866px\" \/><\/figure>\n","protected":false},"excerpt":{"rendered":"<p>Dar\u00edo Pale Xalapa, Ver.- Los docentes de la Telesecundaria Anexa a la Benem\u00e9rita Escuela Normal Veracruzana, se pronunciaron en contra de la toma de las instalaciones sin consultarlos, lo cual ocasion\u00f3 la molestia tanto de los maestros como de algunos padres de familia. Debido a esto los trabajadores de la Telesecundaria mediante un documento expresan [&hellip;]<\/p>\n","protected":false},"author":2476,"featured_media":59592,"comment_status":"open","ping_status":"open","sticky":false,"template":"","format":"standard","meta":{"_jetpack_memberships_contains_paid_content":false,"footnotes":""},"categories":[3],"tags":[],"class_list":["post-59591","post","type-post","status-publish","format-standard","has-post-thumbnail","hentry","category-xalapa"],"jetpack_featured_media_url":"https:\/\/encuentroinformativo.com.mx\/wp-content\/uploads\/2024\/10\/IMG-20241016-WA0011.jpg","jetpack_sharing_enabled":true,"jetpack_likes_enabled":true,"amp_enabled":true,"_links":{"self":[{"href":"https:\/\/encuentroinformativo.com.mx\/index.php?rest_route=\/wp\/v2\/posts\/59591","targetHints":{"allow":["GET"]}}],"collection":[{"href":"https:\/\/encuentroinformativo.com.mx\/index.php?rest_route=\/wp\/v2\/posts"}],"about":[{"href":"https:\/\/encuentroinformativo.com.mx\/index.php?rest_route=\/wp\/v2\/types\/post"}],"author":[{"embeddable":true,"href":"https:\/\/encuentroinformativo.com.mx\/index.php?rest_route=\/wp\/v2\/users\/2476"}],"replies":[{"embeddable":true,"href":"https:\/\/encuentroinformativo.com.mx\/index.php?rest_route=%2Fwp%2Fv2%2Fcomments&post=59591"}],"version-history":[{"count":1,"href":"https:\/\/encuentroinformativo.com.mx\/index.php?rest_route=\/wp\/v2\/posts\/59591\/revisions"}],"predecessor-version":[{"id":59594,"href":"https:\/\/encuentroinformativo.com.mx\/index.php?rest_route=\/wp\/v2\/posts\/59591\/revisions\/59594"}],"wp:featuredmedia":[{"embeddable":true,"href":"https:\/\/encuentroinformativo.com.mx\/index.php?rest_route=\/wp\/v2\/media\/59592"}],"wp:attachment":[{"href":"https:\/\/encuentroinformativo.com.mx\/index.php?rest_route=%2Fwp%2Fv2%2Fmedia&parent=59591"}],"wp:term":[{"taxonomy":"category","embeddable":true,"href":"https:\/\/encuentroinformativo.com.mx\/index.php?rest_route=%2Fwp%2Fv2%2Fcategories&post=59591"},{"taxonomy":"post_tag","embeddable":true,"href":"https:\/\/encuentroinformativo.com.mx\/index.php?rest_route=%2Fwp%2Fv2%2Ftags&post=59591"}],"curies":[{"name":"wp","href":"https:\/\/api.w.org\/{rel}","templated":true}]}}