{"id":5960,"date":"2020-09-18T16:18:52","date_gmt":"2020-09-18T21:18:52","guid":{"rendered":"https:\/\/encuentroinformativo.com.mx\/?p=5960"},"modified":"2020-09-18T16:18:55","modified_gmt":"2020-09-18T21:18:55","slug":"por-pandemia-van-104-veracruzanos-fallecidos-en-estados-unidos","status":"publish","type":"post","link":"https:\/\/encuentroinformativo.com.mx\/?p=5960","title":{"rendered":"Por pandemia, van 104 veracruzanos fallecidos en Estados Unidos"},"content":{"rendered":"\n<p><strong>Dar\u00edo Pale <\/strong><\/p>\n\n\n\n<p>Xalapa, Ver.- El director de Atenci\u00f3n a Migrantes, Carlos Enrique Escalante Igual, dio a conocer que desde el inicio la pandemia en Estados Unidos a la fecha, 104 veracruzanos han fallecido a causa del Covid-19, aunque la cifra puede ser superior, toda vez que muchos paisanos ya est\u00e1n integrados a la sociedad norteamericanos y all\u00e1 son cremados.<\/p>\n\n\n\n<p>Entrevistado en sus oficinas dio a conocer que unos 120 veracruzanos han fallecido en la Uni\u00f3n Americana por otras causas, es decir, llegan a perder la vida unos 15 veracruzanos al mes en promedio.<\/p>\n\n\n\n<p>Dio a conocer que este d\u00eda se entregar\u00edan las cenizas de seis veracruzanos que laboraban en Nueva York y Las Vegas y que desde hace varios meses esperaban ser entregadas, de los que fueron entregadas sus cenizas son de Ixtaczoquitl\u00e1n, Coatzacoalcos, Emiliano Zapata, C\u00f3rdoba, Mart\u00ednez de la Torre y Cerro Azul.<\/p>\n\n\n\n<p>Las familias que reciben este d\u00eda las cenizas de sus seres amados son de escasos recursos y en ese sentido, mencion\u00f3 que la labor de la direcci\u00f3n a su cargo es apoyar para que las cenizas lleguen a nuestro pa\u00eds y al Estado.<\/p>\n\n\n\n<p>Dijo que el proceso de repatriaci\u00f3n de los seis veracruzanos varones, jornaleros, inici\u00f3 hace 25 d\u00edas, adem\u00e1s la semana pasada recibieron la solicitud de repatriaci\u00f3n de 14 veracruzanos m\u00e1s, pero aclar\u00f3 que no fallecieron por causas de Covid-19, por lo que ya est\u00e1n en el proceso de repatriaci\u00f3n.<\/p>\n\n\n\n<p>De esos, dos fallecieron cruzando el R\u00edo Bravo, uno qued\u00f3 del lado de la Uni\u00f3n Americana y el otro de lado mexicano, de manera que, el tr\u00e1mite del que qued\u00f3 del lado de nuestro pa\u00eds ya est\u00e1 muy avanzado, pero para el que qued\u00f3 del otro lado de la frontera, tienen que esperar la intervenci\u00f3n de la Canciller\u00eda.<\/p>\n\n\n\n<p>En este caso, ser\u00e1n repatriados los cuerpos, toda vez que no fallecieron a causa del coronavirus.<\/p>\n\n\n\n<p>En el caso de los migrantes centroamericanos que transitan por la Entidad, Escalante Igual indic\u00f3 que tres personas han fallecido a causa del Covid-19, uno de El Salvador, en el puerto de Veracruz y dos m\u00e1s en la estaci\u00f3n migratoria de Acayucan.<\/p>\n\n\n\n<p>&#8220;Como se ha reducido el n\u00famero de migrantes que pasan por el Estado, afortunadamente no ha habido accidentes carreteros u otros, como delincuencia. El a\u00f1o pasado atendimos much\u00edsimos, pero por accidentes carreteros, no por violencia&#8230;el a\u00f1o pasado llegamos a tener hasta 2 mil 500 migrantes en la estaci\u00f3n migratoria, ahorita llegamos a 25 o 30, seg\u00fan el Instituto Nacional de Migraci\u00f3n&#8221;, finaliz\u00f3.<\/p>\n","protected":false},"excerpt":{"rendered":"<p>Dar\u00edo Pale Xalapa, Ver.- El director de Atenci\u00f3n a Migrantes, Carlos Enrique Escalante Igual, dio a conocer que desde el inicio la pandemia en Estados Unidos a la fecha, 104 veracruzanos han fallecido a causa del Covid-19, aunque la cifra puede ser superior, toda vez que muchos paisanos ya est\u00e1n integrados a la sociedad norteamericanos [&hellip;]<\/p>\n","protected":false},"author":1,"featured_media":5961,"comment_status":"open","ping_status":"open","sticky":false,"template":"","format":"aside","meta":{"_jetpack_memberships_contains_paid_content":false,"footnotes":""},"categories":[2],"tags":[],"class_list":["post-5960","post","type-post","status-publish","format-aside","has-post-thumbnail","hentry","category-estado","post_format-post-format-aside"],"jetpack_featured_media_url":"https:\/\/encuentroinformativo.com.mx\/wp-content\/uploads\/2020\/09\/EF2F6C2A-AC3F-42F2-8F8E-8835271728EE.jpeg","jetpack_sharing_enabled":true,"jetpack_likes_enabled":true,"amp_enabled":true,"_links":{"self":[{"href":"https:\/\/encuentroinformativo.com.mx\/index.php?rest_route=\/wp\/v2\/posts\/5960","targetHints":{"allow":["GET"]}}],"collection":[{"href":"https:\/\/encuentroinformativo.com.mx\/index.php?rest_route=\/wp\/v2\/posts"}],"about":[{"href":"https:\/\/encuentroinformativo.com.mx\/index.php?rest_route=\/wp\/v2\/types\/post"}],"author":[{"embeddable":true,"href":"https:\/\/encuentroinformativo.com.mx\/index.php?rest_route=\/wp\/v2\/users\/1"}],"replies":[{"embeddable":true,"href":"https:\/\/encuentroinformativo.com.mx\/index.php?rest_route=%2Fwp%2Fv2%2Fcomments&post=5960"}],"version-history":[{"count":1,"href":"https:\/\/encuentroinformativo.com.mx\/index.php?rest_route=\/wp\/v2\/posts\/5960\/revisions"}],"predecessor-version":[{"id":5962,"href":"https:\/\/encuentroinformativo.com.mx\/index.php?rest_route=\/wp\/v2\/posts\/5960\/revisions\/5962"}],"wp:featuredmedia":[{"embeddable":true,"href":"https:\/\/encuentroinformativo.com.mx\/index.php?rest_route=\/wp\/v2\/media\/5961"}],"wp:attachment":[{"href":"https:\/\/encuentroinformativo.com.mx\/index.php?rest_route=%2Fwp%2Fv2%2Fmedia&parent=5960"}],"wp:term":[{"taxonomy":"category","embeddable":true,"href":"https:\/\/encuentroinformativo.com.mx\/index.php?rest_route=%2Fwp%2Fv2%2Fcategories&post=5960"},{"taxonomy":"post_tag","embeddable":true,"href":"https:\/\/encuentroinformativo.com.mx\/index.php?rest_route=%2Fwp%2Fv2%2Ftags&post=5960"}],"curies":[{"name":"wp","href":"https:\/\/api.w.org\/{rel}","templated":true}]}}