{"id":59604,"date":"2024-10-16T14:01:55","date_gmt":"2024-10-16T20:01:55","guid":{"rendered":"https:\/\/encuentroinformativo.com.mx\/?p=59604"},"modified":"2024-10-16T14:02:00","modified_gmt":"2024-10-16T20:02:00","slug":"reanudan-protestas-estudiantes-de-la-uvi-piden-cambio-de-director","status":"publish","type":"post","link":"https:\/\/encuentroinformativo.com.mx\/?p=59604","title":{"rendered":"Reanudan protestas estudiantes de la UVI, piden cambio de director"},"content":{"rendered":"\n<p><strong>Dar\u00edo Pale <\/strong><\/p>\n\n\n\n<p>Xalapa, Ver.- Estudiantes de Agroecolog\u00eda y Soberan\u00eda Alimentaria de la Universidad Veracruzana (UV) denunciaron irregularidades para exigir la destituci\u00f3n del director de esa facultad, Daniel Bello L\u00f3pez.<\/p>\n\n\n\n<p>Estudiantes de la Licenciatura en Agroecolog\u00eda y Soberan\u00eda Alimentaria Regi\u00f3n Xalapa de la Universidad Veracruzana Intercultural (UVI), realizaron una marcha de protesta en el centro hist\u00f3rico de la capital para exigir la destituci\u00f3n del director de esa facultad, Daniel Bello L\u00f3pez, ya que lo acusan de diversas irregularidades.<\/p>\n\n\n\n<p>En un posicionamiento, una de las estudiantes precis\u00f3 que acuden a clases bajo protesta, &#8220;debido a diversas irregularidades que se han venido registrando desde semestres anteriores como la nula gesti\u00f3n hacia la comunidad estudiantil plaza gesti\u00f3n Xalapa, por parte del director&#8221;.<\/p>\n\n\n\n<p>Recordaron que el pasado 31 de agosto de 2023, solicitaron una reuni\u00f3n con el Rector de la UV, \u201cdespu\u00e9s de casi un a\u00f1o de espera, apenas el d\u00eda 28 de agosto del 2024 en la sala de videoconferencias de la USBI, se llev\u00f3 a cabo un evento en el marco del recorrido del rector, con la comunidad universitaria de Xalapa.\u00a0<\/p>\n\n\n\n<p>Acusaron que \u201cal d\u00eda de hoy no ha existido una apertura al di\u00e1logo por parte de la direcci\u00f3n y tampoco tenemos conocimiento si se han realizado las gestiones solicitadas en torno a contar con nuestra propias instalaciones para esta sede Regional Xalapa, ya que solo tenemos aulas temporales, en facultades que nos dispersan como comunidad estudiantil\u201d.<\/p>\n\n\n\n<p>&#8220;Necesitamos becas, material para las clases, la gesti\u00f3n de una biblioteca, un laboratorio, entre otros puntos de nuestros posicionamientos dados a conocer anteriormente al director, de la Universidad Veracruzana Intercultural y a Rector\u00eda de la Universidad Veracruzana\u201d, se\u00f1al\u00f3.<\/p>\n\n\n\n<p>Ante la situaci\u00f3n prevaleciente, los estudiantes demandaron \u201cun director que tenga una participaci\u00f3n con los estudiantes y coordinaci\u00f3n en la toma de decisiones no solo sobre la entidad acad\u00e9mica, sino tambi\u00e9n en el contexto de crisis ambiental urgente que existe en el mundo.<\/p>\n\n\n\n<p>Finalmente dieron a conocer que, \u201crequerimos una direcci\u00f3n comprometida e inclusiva con todas las sedes de la Universidad Veracruzana Intercultural y a la altura de la urgente necesidad de transitar hacia las Agroecolog\u00edas en diversos territorios, donde se promuevan las bases de la interculturalidad\u201d.<\/p>\n\n\n\n<figure class=\"wp-block-image size-large\"><img loading=\"lazy\" decoding=\"async\" width=\"1024\" height=\"577\" src=\"https:\/\/encuentroinformativo.com.mx\/wp-content\/uploads\/2024\/10\/1000406375-1024x577.jpg\" alt=\"\" class=\"wp-image-59606\" srcset=\"https:\/\/encuentroinformativo.com.mx\/wp-content\/uploads\/2024\/10\/1000406375-1024x577.jpg 1024w, https:\/\/encuentroinformativo.com.mx\/wp-content\/uploads\/2024\/10\/1000406375-300x169.jpg 300w, https:\/\/encuentroinformativo.com.mx\/wp-content\/uploads\/2024\/10\/1000406375-768x433.jpg 768w, https:\/\/encuentroinformativo.com.mx\/wp-content\/uploads\/2024\/10\/1000406375-1536x866.jpg 1536w, https:\/\/encuentroinformativo.com.mx\/wp-content\/uploads\/2024\/10\/1000406375.jpg 1600w\" sizes=\"auto, (max-width: 1024px) 100vw, 1024px\" \/><\/figure>\n","protected":false},"excerpt":{"rendered":"<p>Dar\u00edo Pale Xalapa, Ver.- Estudiantes de Agroecolog\u00eda y Soberan\u00eda Alimentaria de la Universidad Veracruzana (UV) denunciaron irregularidades para exigir la destituci\u00f3n del director de esa facultad, Daniel Bello L\u00f3pez. Estudiantes de la Licenciatura en Agroecolog\u00eda y Soberan\u00eda Alimentaria Regi\u00f3n Xalapa de la Universidad Veracruzana Intercultural (UVI), realizaron una marcha de protesta en el centro hist\u00f3rico [&hellip;]<\/p>\n","protected":false},"author":2476,"featured_media":59605,"comment_status":"open","ping_status":"open","sticky":false,"template":"","format":"standard","meta":{"_jetpack_memberships_contains_paid_content":false,"footnotes":""},"categories":[3],"tags":[],"class_list":["post-59604","post","type-post","status-publish","format-standard","has-post-thumbnail","hentry","category-xalapa"],"jetpack_featured_media_url":"https:\/\/encuentroinformativo.com.mx\/wp-content\/uploads\/2024\/10\/IMG-20241016-WA0063.jpg","jetpack_sharing_enabled":true,"jetpack_likes_enabled":true,"amp_enabled":true,"_links":{"self":[{"href":"https:\/\/encuentroinformativo.com.mx\/index.php?rest_route=\/wp\/v2\/posts\/59604","targetHints":{"allow":["GET"]}}],"collection":[{"href":"https:\/\/encuentroinformativo.com.mx\/index.php?rest_route=\/wp\/v2\/posts"}],"about":[{"href":"https:\/\/encuentroinformativo.com.mx\/index.php?rest_route=\/wp\/v2\/types\/post"}],"author":[{"embeddable":true,"href":"https:\/\/encuentroinformativo.com.mx\/index.php?rest_route=\/wp\/v2\/users\/2476"}],"replies":[{"embeddable":true,"href":"https:\/\/encuentroinformativo.com.mx\/index.php?rest_route=%2Fwp%2Fv2%2Fcomments&post=59604"}],"version-history":[{"count":1,"href":"https:\/\/encuentroinformativo.com.mx\/index.php?rest_route=\/wp\/v2\/posts\/59604\/revisions"}],"predecessor-version":[{"id":59607,"href":"https:\/\/encuentroinformativo.com.mx\/index.php?rest_route=\/wp\/v2\/posts\/59604\/revisions\/59607"}],"wp:featuredmedia":[{"embeddable":true,"href":"https:\/\/encuentroinformativo.com.mx\/index.php?rest_route=\/wp\/v2\/media\/59605"}],"wp:attachment":[{"href":"https:\/\/encuentroinformativo.com.mx\/index.php?rest_route=%2Fwp%2Fv2%2Fmedia&parent=59604"}],"wp:term":[{"taxonomy":"category","embeddable":true,"href":"https:\/\/encuentroinformativo.com.mx\/index.php?rest_route=%2Fwp%2Fv2%2Fcategories&post=59604"},{"taxonomy":"post_tag","embeddable":true,"href":"https:\/\/encuentroinformativo.com.mx\/index.php?rest_route=%2Fwp%2Fv2%2Ftags&post=59604"}],"curies":[{"name":"wp","href":"https:\/\/api.w.org\/{rel}","templated":true}]}}