{"id":59611,"date":"2024-10-16T14:19:40","date_gmt":"2024-10-16T20:19:40","guid":{"rendered":"https:\/\/encuentroinformativo.com.mx\/?p=59611"},"modified":"2024-10-16T14:19:46","modified_gmt":"2024-10-16T20:19:46","slug":"esperan-derrama-de-3-mdp-con-actividades-de-dia-de-muertos-en-xico","status":"publish","type":"post","link":"https:\/\/encuentroinformativo.com.mx\/?p=59611","title":{"rendered":"Esperan derrama de 3 mdp con actividades de D\u00eda de Muertos en Xico"},"content":{"rendered":"\n<p><strong>Dar\u00edo Pale <\/strong><\/p>\n\n\n\n<p>Xalapa, Ver.- El director de Desarrollo Econ\u00f3mico y Turismo de Xico, Javier Izaguirre Mart\u00ednez, dio a conocer el programa de actividades con motivo del D\u00eda de Muertos y el Festival Gastron\u00f3mico y Artesanal, mismo qu\u00e9 se realizar\u00e1 a partir del 28 de octubre al 3 de noviembre.\u00a0<\/p>\n\n\n\n<p>En conferencia de prensa indic\u00f3 que se espera una derrama econ\u00f3mica de 3 millones de pesos y una afluencia de 3 mil personas durante estos d\u00edas, con esto buscan impulsar las tradiciones que caracterizan al pueblo m\u00e1gico.\u00a0<\/p>\n\n\n\n<p>Abund\u00f3 que dentro de las actividades se realizar\u00e1 el 31 de octubre un desfile de Catrinas por parte del Ayuntamiento, y el corte de list\u00f3n del Festival Gastron\u00f3mico y Artesanal en donde comerciantes ofrecer\u00e1n atole, chocolate, champurrado, entre otros productos.\u00a0<\/p>\n\n\n\n<p>Adem\u00e1s de un espacio con el que contar\u00e1n artesanos para exponer sus productos y un \u00e1rea para actividades culturales, tambi\u00e9n destac\u00f3 una serie de eventos en los que participar\u00e1n planteles escolares y \u00e1reas del Ayuntamiento.\u00a0<\/p>\n\n\n\n<p>Del mismo modo se realizar\u00e1 en Casa Quemada una exposici\u00f3n de Catrinas con diferentes tem\u00e1ticas y una representaci\u00f3n de un pante\u00f3n y un velorio, adem\u00e1s dijo que estas Catrinas fueron hechas por el personal de todas las \u00e1reas del Ayuntamiento<\/p>\n","protected":false},"excerpt":{"rendered":"<p>Dar\u00edo Pale Xalapa, Ver.- El director de Desarrollo Econ\u00f3mico y Turismo de Xico, Javier Izaguirre Mart\u00ednez, dio a conocer el programa de actividades con motivo del D\u00eda de Muertos y el Festival Gastron\u00f3mico y Artesanal, mismo qu\u00e9 se realizar\u00e1 a partir del 28 de octubre al 3 de noviembre.\u00a0 En conferencia de prensa indic\u00f3 que [&hellip;]<\/p>\n","protected":false},"author":2476,"featured_media":59612,"comment_status":"open","ping_status":"open","sticky":false,"template":"","format":"standard","meta":{"_jetpack_memberships_contains_paid_content":false,"footnotes":""},"categories":[8],"tags":[],"class_list":["post-59611","post","type-post","status-publish","format-standard","has-post-thumbnail","hentry","category-region"],"jetpack_featured_media_url":"https:\/\/encuentroinformativo.com.mx\/wp-content\/uploads\/2024\/10\/IMG-20241016-WA0085.jpg","jetpack_sharing_enabled":true,"jetpack_likes_enabled":true,"amp_enabled":true,"_links":{"self":[{"href":"https:\/\/encuentroinformativo.com.mx\/index.php?rest_route=\/wp\/v2\/posts\/59611","targetHints":{"allow":["GET"]}}],"collection":[{"href":"https:\/\/encuentroinformativo.com.mx\/index.php?rest_route=\/wp\/v2\/posts"}],"about":[{"href":"https:\/\/encuentroinformativo.com.mx\/index.php?rest_route=\/wp\/v2\/types\/post"}],"author":[{"embeddable":true,"href":"https:\/\/encuentroinformativo.com.mx\/index.php?rest_route=\/wp\/v2\/users\/2476"}],"replies":[{"embeddable":true,"href":"https:\/\/encuentroinformativo.com.mx\/index.php?rest_route=%2Fwp%2Fv2%2Fcomments&post=59611"}],"version-history":[{"count":1,"href":"https:\/\/encuentroinformativo.com.mx\/index.php?rest_route=\/wp\/v2\/posts\/59611\/revisions"}],"predecessor-version":[{"id":59613,"href":"https:\/\/encuentroinformativo.com.mx\/index.php?rest_route=\/wp\/v2\/posts\/59611\/revisions\/59613"}],"wp:featuredmedia":[{"embeddable":true,"href":"https:\/\/encuentroinformativo.com.mx\/index.php?rest_route=\/wp\/v2\/media\/59612"}],"wp:attachment":[{"href":"https:\/\/encuentroinformativo.com.mx\/index.php?rest_route=%2Fwp%2Fv2%2Fmedia&parent=59611"}],"wp:term":[{"taxonomy":"category","embeddable":true,"href":"https:\/\/encuentroinformativo.com.mx\/index.php?rest_route=%2Fwp%2Fv2%2Fcategories&post=59611"},{"taxonomy":"post_tag","embeddable":true,"href":"https:\/\/encuentroinformativo.com.mx\/index.php?rest_route=%2Fwp%2Fv2%2Ftags&post=59611"}],"curies":[{"name":"wp","href":"https:\/\/api.w.org\/{rel}","templated":true}]}}