{"id":59620,"date":"2024-10-16T15:22:11","date_gmt":"2024-10-16T21:22:11","guid":{"rendered":"https:\/\/encuentroinformativo.com.mx\/?p=59620"},"modified":"2024-10-16T15:22:16","modified_gmt":"2024-10-16T21:22:16","slug":"sostiene-titular-de-ssp-reunion-de-coordinacion-con-mandos-operativos","status":"publish","type":"post","link":"https:\/\/encuentroinformativo.com.mx\/?p=59620","title":{"rendered":"Sostiene titular de SSP reuni\u00f3n de coordinaci\u00f3n con mandos operativos"},"content":{"rendered":"\n<p>C\u00f3rdoba, Ver.- Dando continuidad a las acciones de coordinaci\u00f3n en materia se seguridad y protecci\u00f3n ciudadana, instrumentadas por el Gob. Cuitl\u00e1huac Garc\u00eda Jim\u00e9nez, el Secretario de Seguridad P\u00fablica, Cap. Cuauht\u00e9moc Z\u00fa\u00f1iga Bonilla, sostuvo reuni\u00f3n de coordinaci\u00f3n con mandos operativos de todo el estado, de manera presencial y virtual desde las instalaciones del Mando \u00danico de C\u00f3rdoba.<\/p>\n\n\n\n<p>Donde se realiz\u00f3 un analisis de resultados, as\u00ed como de la incidencia delictiva por regi\u00f3n, e intercambio de informaci\u00f3n de celulas delictivas, con el fin de coordinar operativos de reforzamiento en algunas zonas, adem\u00e1s de reorientar esquemas de operaci\u00f3n.<\/p>\n\n\n\n<p>Asimismo el titular de la dependencia exhort\u00f3 a cerrar filas y trabajar incansablemente en el combate al delito en coordinaci\u00f3n con fuerzas federales, lo cual permitir\u00e1 garantizar la tranquilidad de las familias.<\/p>\n\n\n\n<p>Reiterando al personal operativo desempe\u00f1arse en todo momento en estricto apego a los protocolos de actuaci\u00f3n policial y respeto a los derechos humanos.<\/p>\n\n\n\n<p>En la Cuarta Transformaci\u00f3n trabajamos todos los d\u00edas de manera conjunta por tu seguridad y bienestar.<\/p>\n","protected":false},"excerpt":{"rendered":"<p>C\u00f3rdoba, Ver.- Dando continuidad a las acciones de coordinaci\u00f3n en materia se seguridad y protecci\u00f3n ciudadana, instrumentadas por el Gob. Cuitl\u00e1huac Garc\u00eda Jim\u00e9nez, el Secretario de Seguridad P\u00fablica, Cap. Cuauht\u00e9moc Z\u00fa\u00f1iga Bonilla, sostuvo reuni\u00f3n de coordinaci\u00f3n con mandos operativos de todo el estado, de manera presencial y virtual desde las instalaciones del Mando \u00danico de [&hellip;]<\/p>\n","protected":false},"author":2476,"featured_media":59621,"comment_status":"open","ping_status":"open","sticky":false,"template":"","format":"standard","meta":{"_jetpack_memberships_contains_paid_content":false,"footnotes":""},"categories":[2],"tags":[],"class_list":["post-59620","post","type-post","status-publish","format-standard","has-post-thumbnail","hentry","category-estado"],"jetpack_featured_media_url":"https:\/\/encuentroinformativo.com.mx\/wp-content\/uploads\/2024\/10\/IMG-20241016-WA0098.jpg","jetpack_sharing_enabled":true,"jetpack_likes_enabled":true,"amp_enabled":true,"_links":{"self":[{"href":"https:\/\/encuentroinformativo.com.mx\/index.php?rest_route=\/wp\/v2\/posts\/59620","targetHints":{"allow":["GET"]}}],"collection":[{"href":"https:\/\/encuentroinformativo.com.mx\/index.php?rest_route=\/wp\/v2\/posts"}],"about":[{"href":"https:\/\/encuentroinformativo.com.mx\/index.php?rest_route=\/wp\/v2\/types\/post"}],"author":[{"embeddable":true,"href":"https:\/\/encuentroinformativo.com.mx\/index.php?rest_route=\/wp\/v2\/users\/2476"}],"replies":[{"embeddable":true,"href":"https:\/\/encuentroinformativo.com.mx\/index.php?rest_route=%2Fwp%2Fv2%2Fcomments&post=59620"}],"version-history":[{"count":2,"href":"https:\/\/encuentroinformativo.com.mx\/index.php?rest_route=\/wp\/v2\/posts\/59620\/revisions"}],"predecessor-version":[{"id":59623,"href":"https:\/\/encuentroinformativo.com.mx\/index.php?rest_route=\/wp\/v2\/posts\/59620\/revisions\/59623"}],"wp:featuredmedia":[{"embeddable":true,"href":"https:\/\/encuentroinformativo.com.mx\/index.php?rest_route=\/wp\/v2\/media\/59621"}],"wp:attachment":[{"href":"https:\/\/encuentroinformativo.com.mx\/index.php?rest_route=%2Fwp%2Fv2%2Fmedia&parent=59620"}],"wp:term":[{"taxonomy":"category","embeddable":true,"href":"https:\/\/encuentroinformativo.com.mx\/index.php?rest_route=%2Fwp%2Fv2%2Fcategories&post=59620"},{"taxonomy":"post_tag","embeddable":true,"href":"https:\/\/encuentroinformativo.com.mx\/index.php?rest_route=%2Fwp%2Fv2%2Ftags&post=59620"}],"curies":[{"name":"wp","href":"https:\/\/api.w.org\/{rel}","templated":true}]}}