{"id":59643,"date":"2024-10-17T12:55:10","date_gmt":"2024-10-17T18:55:10","guid":{"rendered":"https:\/\/encuentroinformativo.com.mx\/?p=59643"},"modified":"2024-10-17T12:55:16","modified_gmt":"2024-10-17T18:55:16","slug":"ante-celebraciones-promueven-caminos-de-san-rafael","status":"publish","type":"post","link":"https:\/\/encuentroinformativo.com.mx\/?p=59643","title":{"rendered":"Ante celebraciones, Promueven Caminos de San Rafael"},"content":{"rendered":"\n<p><strong>Dar\u00edo Pale <\/strong><\/p>\n\n\n\n<p>Xalapa, Ver.- Dan a conocer el evento &#8220;Caminos de San Rafael&#8221; en el marco de las festividades de San Rafael Gu\u00edzar y Valencia, mismo que se realizar\u00e1 del 18 al 23 de octubre.\u00a0<\/p>\n\n\n\n<p>En conferencia de prensa el director de Turismo de Xalapa, Josu\u00e9 V\u00e1zquez y el Regidor, Diego Florescano, dieron a conocer que dentro de este evento se realizar\u00e1n 4 actividades: el 18 de octubre por la noche en la Catedral Metropolitana se realizar\u00e1 un concierto de m\u00fasica cl\u00e1sica, mientras que el 19 se har\u00e1 una caminata de San Rafael de 8 kil\u00f3metros que iniciar\u00e1 en la Catedral para descender por un sendero a Los\u00a0 Lagos y circuito Presidentes y culminar en una experiencia gastron\u00f3mica.\u00a0<\/p>\n\n\n\n<p>As\u00ed tambi\u00e9n, se har\u00e1n visitas guiadas al Museo San Rafael Gu\u00edzar y Valencia, y un recorrido durante los d\u00edas 22 y 23 de octubre.\u00a0<\/p>\n\n\n\n<p>Al respecto, el sacerdote Rafael Gonz\u00e1lez, director del Museo &#8220;San Rafael Guizar y Valencia, indic\u00f3 que durante las festividades entorno al Santo se esperan m\u00e1s de cien mil fieles provenientes de los estados de Michoac\u00e1n, Puebla, Ciudad de M\u00e9xico, pero de otros pa\u00edses como Estados Unidos, Guatemala Colombia, Cuba y Europa, qu\u00e9 arriban a la Catedral a visitar su tumba.<\/p>\n\n\n\n<p>Reconoci\u00f3 el respaldo de las autoridades y su impulso al turismo religioso teniendo como referencia San Rafael.\u00a0<\/p>\n\n\n\n<p>&#8220;La presencia de la tumba del Santo en Catedral atrae muchas personas no solo a sus fiestas de octubre, vienen siempre\u201d, se\u00f1al\u00f3.<\/p>\n\n\n\n<p>Finalmente dio a conocer que, \u201cesto impulsa a la capital porque trae visitantes y hace crecer a la ciudad, a un desarrollo tur\u00edstico pues Xalapa tiene historia y arte, y fe que atrae a muchos&#8221;.<\/p>\n\n\n\n<figure class=\"wp-block-image size-large\"><img loading=\"lazy\" decoding=\"async\" width=\"1024\" height=\"682\" src=\"https:\/\/encuentroinformativo.com.mx\/wp-content\/uploads\/2024\/10\/1000406993-1024x682.jpg\" alt=\"\" class=\"wp-image-59645\" srcset=\"https:\/\/encuentroinformativo.com.mx\/wp-content\/uploads\/2024\/10\/1000406993-1024x682.jpg 1024w, https:\/\/encuentroinformativo.com.mx\/wp-content\/uploads\/2024\/10\/1000406993-300x200.jpg 300w, https:\/\/encuentroinformativo.com.mx\/wp-content\/uploads\/2024\/10\/1000406993-768x512.jpg 768w, https:\/\/encuentroinformativo.com.mx\/wp-content\/uploads\/2024\/10\/1000406993-1536x1024.jpg 1536w, https:\/\/encuentroinformativo.com.mx\/wp-content\/uploads\/2024\/10\/1000406993-2048x1365.jpg 2048w\" sizes=\"auto, (max-width: 1024px) 100vw, 1024px\" \/><\/figure>\n","protected":false},"excerpt":{"rendered":"<p>Dar\u00edo Pale Xalapa, Ver.- Dan a conocer el evento &#8220;Caminos de San Rafael&#8221; en el marco de las festividades de San Rafael Gu\u00edzar y Valencia, mismo que se realizar\u00e1 del 18 al 23 de octubre.\u00a0 En conferencia de prensa el director de Turismo de Xalapa, Josu\u00e9 V\u00e1zquez y el Regidor, Diego Florescano, dieron a conocer [&hellip;]<\/p>\n","protected":false},"author":2476,"featured_media":59644,"comment_status":"open","ping_status":"open","sticky":false,"template":"","format":"standard","meta":{"_jetpack_memberships_contains_paid_content":false,"footnotes":""},"categories":[3],"tags":[],"class_list":["post-59643","post","type-post","status-publish","format-standard","has-post-thumbnail","hentry","category-xalapa"],"jetpack_featured_media_url":"https:\/\/encuentroinformativo.com.mx\/wp-content\/uploads\/2024\/10\/IMG-20241017-WA00362.jpg","jetpack_sharing_enabled":true,"jetpack_likes_enabled":true,"amp_enabled":true,"_links":{"self":[{"href":"https:\/\/encuentroinformativo.com.mx\/index.php?rest_route=\/wp\/v2\/posts\/59643","targetHints":{"allow":["GET"]}}],"collection":[{"href":"https:\/\/encuentroinformativo.com.mx\/index.php?rest_route=\/wp\/v2\/posts"}],"about":[{"href":"https:\/\/encuentroinformativo.com.mx\/index.php?rest_route=\/wp\/v2\/types\/post"}],"author":[{"embeddable":true,"href":"https:\/\/encuentroinformativo.com.mx\/index.php?rest_route=\/wp\/v2\/users\/2476"}],"replies":[{"embeddable":true,"href":"https:\/\/encuentroinformativo.com.mx\/index.php?rest_route=%2Fwp%2Fv2%2Fcomments&post=59643"}],"version-history":[{"count":1,"href":"https:\/\/encuentroinformativo.com.mx\/index.php?rest_route=\/wp\/v2\/posts\/59643\/revisions"}],"predecessor-version":[{"id":59646,"href":"https:\/\/encuentroinformativo.com.mx\/index.php?rest_route=\/wp\/v2\/posts\/59643\/revisions\/59646"}],"wp:featuredmedia":[{"embeddable":true,"href":"https:\/\/encuentroinformativo.com.mx\/index.php?rest_route=\/wp\/v2\/media\/59644"}],"wp:attachment":[{"href":"https:\/\/encuentroinformativo.com.mx\/index.php?rest_route=%2Fwp%2Fv2%2Fmedia&parent=59643"}],"wp:term":[{"taxonomy":"category","embeddable":true,"href":"https:\/\/encuentroinformativo.com.mx\/index.php?rest_route=%2Fwp%2Fv2%2Fcategories&post=59643"},{"taxonomy":"post_tag","embeddable":true,"href":"https:\/\/encuentroinformativo.com.mx\/index.php?rest_route=%2Fwp%2Fv2%2Ftags&post=59643"}],"curies":[{"name":"wp","href":"https:\/\/api.w.org\/{rel}","templated":true}]}}