{"id":59650,"date":"2024-10-17T15:49:32","date_gmt":"2024-10-17T21:49:32","guid":{"rendered":"https:\/\/encuentroinformativo.com.mx\/?p=59650"},"modified":"2024-10-17T15:49:37","modified_gmt":"2024-10-17T21:49:37","slug":"confian-que-el-senado-apruebe-reclasificacion-de-tarifas-electricas-para-veracruz","status":"publish","type":"post","link":"https:\/\/encuentroinformativo.com.mx\/?p=59650","title":{"rendered":"Conf\u00edan que el Senado apruebe reclasificaci\u00f3n de tarifas el\u00e9ctricas para Veracruz"},"content":{"rendered":"\n<p><strong>Dar\u00edo Pale <\/strong><\/p>\n\n\n\n<p>Xalapa, Ver.- Piden que Senado \u201cno le falle al pueblo Veracruzano\u201d con la reclasificaci\u00f3n de tarifas de luz, as\u00ed lo dio a conocer el vocero del Movimiento de Lucha Social \u201cLa Leyenda de Chucho el Roto\u201d, Jorge Morales Barradas.<\/p>\n\n\n\n<p>En conferencia de prensa pidi\u00f3 que se tome con seriedad la propuesta hecha ante el Senado para reclasificar las tarifas de energ\u00eda el\u00e9ctrica en Veracruz.\u00a0<\/p>\n\n\n\n<p>Principalmente tras la iniciativa del senador Manuel Huerta Ladr\u00f3n de Guevara, quien lanz\u00f3 una propuesta con punto de acuerdo ante el pleno de la C\u00e1mara Alta para beneficiar a la poblaci\u00f3n veracruzana.\u00a0<\/p>\n\n\n\n<p>&#8220;Es un compromiso fuerte con las familias del Estado de Veracruz porque menciona en la tribuna m\u00e1xima que est\u00e1 promoviendo un punto de acuerdo para que se realice esta clasificaci\u00f3n de tarifas&#8221;, se\u00f1al\u00f3.<\/p>\n\n\n\n<p>&#8220;Y mencion\u00f3 algo todav\u00eda m\u00e1s importante, no le vamos a fallar al pueblo&#8217;, entonces consideramos que es un tema bastante fuerte y de mucha responsabilidad&#8221;, agreg\u00f3.<\/p>\n\n\n\n<p>Estim\u00f3 que de concretarse, la reclasificaci\u00f3n de tarifas el\u00e9ctricas beneficiar\u00eda a aproximadamente el 70 por ciento de los municipios veracruzanos, mismos que desde hace m\u00e1s de 17 a\u00f1os esperan dicho beneficio.\u00a0<\/p>\n\n\n\n<p>Adem\u00e1s de que la propuesta estar\u00eda acompa\u00f1ada de una condonaci\u00f3n de los adeudos que algunas familias mantienen con la Comisi\u00f3n Federal de Electricidad (CFE).<\/p>\n\n\n\n<p>Jorge Morales record\u00f3 que la presidenta Claudia Sheinbaum tambi\u00e9n mencion\u00f3 que se analizar\u00eda la reclasificaci\u00f3n de las tarifas de luz en la entidad veracruzana.\u00a0<\/p>\n\n\n\n<p>Finalmente se\u00f1al\u00f3 que, adem\u00e1s de que aplaudi\u00f3 que la Presidenta de la Rep\u00fablica anunci\u00f3 que no ser\u00e1 construido un tercer reactor en la Central N\u00facleoel\u00e9ctrica de Laguna Verde.<\/p>\n","protected":false},"excerpt":{"rendered":"<p>Dar\u00edo Pale Xalapa, Ver.- Piden que Senado \u201cno le falle al pueblo Veracruzano\u201d con la reclasificaci\u00f3n de tarifas de luz, as\u00ed lo dio a conocer el vocero del Movimiento de Lucha Social \u201cLa Leyenda de Chucho el Roto\u201d, Jorge Morales Barradas. En conferencia de prensa pidi\u00f3 que se tome con seriedad la propuesta hecha ante [&hellip;]<\/p>\n","protected":false},"author":2476,"featured_media":59651,"comment_status":"open","ping_status":"open","sticky":false,"template":"","format":"standard","meta":{"_jetpack_memberships_contains_paid_content":false,"footnotes":""},"categories":[8],"tags":[],"class_list":["post-59650","post","type-post","status-publish","format-standard","has-post-thumbnail","hentry","category-region"],"jetpack_featured_media_url":"https:\/\/encuentroinformativo.com.mx\/wp-content\/uploads\/2024\/10\/IMG-20241017-WA0045.jpg","jetpack_sharing_enabled":true,"jetpack_likes_enabled":true,"amp_enabled":true,"_links":{"self":[{"href":"https:\/\/encuentroinformativo.com.mx\/index.php?rest_route=\/wp\/v2\/posts\/59650","targetHints":{"allow":["GET"]}}],"collection":[{"href":"https:\/\/encuentroinformativo.com.mx\/index.php?rest_route=\/wp\/v2\/posts"}],"about":[{"href":"https:\/\/encuentroinformativo.com.mx\/index.php?rest_route=\/wp\/v2\/types\/post"}],"author":[{"embeddable":true,"href":"https:\/\/encuentroinformativo.com.mx\/index.php?rest_route=\/wp\/v2\/users\/2476"}],"replies":[{"embeddable":true,"href":"https:\/\/encuentroinformativo.com.mx\/index.php?rest_route=%2Fwp%2Fv2%2Fcomments&post=59650"}],"version-history":[{"count":1,"href":"https:\/\/encuentroinformativo.com.mx\/index.php?rest_route=\/wp\/v2\/posts\/59650\/revisions"}],"predecessor-version":[{"id":59652,"href":"https:\/\/encuentroinformativo.com.mx\/index.php?rest_route=\/wp\/v2\/posts\/59650\/revisions\/59652"}],"wp:featuredmedia":[{"embeddable":true,"href":"https:\/\/encuentroinformativo.com.mx\/index.php?rest_route=\/wp\/v2\/media\/59651"}],"wp:attachment":[{"href":"https:\/\/encuentroinformativo.com.mx\/index.php?rest_route=%2Fwp%2Fv2%2Fmedia&parent=59650"}],"wp:term":[{"taxonomy":"category","embeddable":true,"href":"https:\/\/encuentroinformativo.com.mx\/index.php?rest_route=%2Fwp%2Fv2%2Fcategories&post=59650"},{"taxonomy":"post_tag","embeddable":true,"href":"https:\/\/encuentroinformativo.com.mx\/index.php?rest_route=%2Fwp%2Fv2%2Ftags&post=59650"}],"curies":[{"name":"wp","href":"https:\/\/api.w.org\/{rel}","templated":true}]}}