{"id":59653,"date":"2024-10-17T15:56:48","date_gmt":"2024-10-17T21:56:48","guid":{"rendered":"https:\/\/encuentroinformativo.com.mx\/?p=59653"},"modified":"2024-10-17T15:56:53","modified_gmt":"2024-10-17T21:56:53","slug":"amagan-trabajadores-con-iniciar-huelga-en-cmas","status":"publish","type":"post","link":"https:\/\/encuentroinformativo.com.mx\/?p=59653","title":{"rendered":"Amagan trabajadores con iniciar huelga en CMAS"},"content":{"rendered":"\n<p><strong>Dar\u00edo Pale <\/strong><\/p>\n\n\n\n<p>Xalapa, Ver.- Inminente el estallamiento de huelga en CMAS, directivos se niegan a realizar revisiones\u00a0 contractuales y salariales, podr\u00edan parar labores 345 trabajadores, a partir de las 00:00 horas del pr\u00f3ximo lunes si no hay acuerdos, as\u00ed lo dio a conocer, secretario general del Sindicato de Empleados y Trabajadores de la Comisi\u00f3n Municipal de Agua Potable y Saneamiento de la Ciudad de Xalapa-CTM Jos\u00e9 Luis Hern\u00e1ndez L\u00f3pez.<\/p>\n\n\n\n<p>En conferencia de prensa se\u00f1alaron que, podr\u00eda estallar la huelga el pr\u00f3ximo 21 de octubre del a\u00f1o en curso, al no haber avance en las negociaciones con las autoridades del organismo para municipal.<\/p>\n\n\n\n<p>El dirigente sindical dio a conocer que el emplazamiento se interpuso ante el Tribunal Laboral Federal de Asuntos Colectivos con sede en la Ciudad de M\u00e9xico el pasado 23 de agosto del presente a\u00f1o, porque desde hace tres a\u00f1os, solo han encontrado la negativa de las autoridades del ramo por atender sus demandas.<\/p>\n\n\n\n<p>Acompa\u00f1ado de sus apoderados legales, expres\u00f3 que la organizaci\u00f3n sindical que representa es el titular del contrato colectivo de trabajo, legitimado y depositado ante el Centro Federal de Conciliaci\u00f3n y Registro Laboral en cumplimiento a la Reforma Laboral del 1 de mayo de 2019.<\/p>\n\n\n\n<p>Sin embargo, la Comisi\u00f3n Municipal de Agua Potable y Saneamiento (CMAS) \u201cno ha permitido llevar a cabo las revisiones contractuales y salariales de ley en los a\u00f1os 2022, 2023 y 2024, desconociendo a la organizaci\u00f3n y a su contrato colectivo de trabajo, con lo cual se vulneran flagrantemente los derechos laborales y sociales de los 345 agremiados y a sus familias.<\/p>\n\n\n\n<p>El dirigente sindical expuso que durante estos a\u00f1os se ha buscado, de manera pac\u00edfica, tener un di\u00e1logo con los directivos de CMAS, para dar cumplimiento al \u201cacuerdo de voluntades\u201d plasmadas en el Contrato Colectivo de Trabajo que data desde el 2004 y bajo la cual se ha regido la relaci\u00f3n obrero-patronal.<\/p>\n\n\n\n<p>Sin embargo, la \u00fanica respuesta que se ha tenido es la negativa de parte de las autoridades de CMAS de entablar el di\u00e1logo con el sindicato, pues lo \u00fanico que se busca es frenar las diversas violaciones contractuales que se han venido dando en todo este tiempo.<\/p>\n\n\n\n<p>Cit\u00f3 como ejemplo que desde el 2021 no se revisa el Contrato Colectivo de Trabajo y ya van\u00a0 dos veces que \u201cnos rebasa el salario m\u00ednimo y hay trabajadores que dependen de su trabajo y que han dedicado media vida en laborar en CMAS y por esta situaci\u00f3n se ven vulnerados sus derechos sociales y de sus familias.<\/p>\n\n\n\n<p>Destac\u00f3 que el sindicato que encabeza cuenta con 345 agremiados y cerca de 300 mas que est\u00e1n por incorporarse al padr\u00f3n, por los que se est\u00e1 luchando para mejorar sus condiciones salariales y de vida.<\/p>\n\n\n\n<p>Expuso que de las 96 clausulas del Contrato Colectivo de Trabajo el 70% de ellos son violados por la parte patronal, como es el caso del derecho al escalaf\u00f3n, y n d\u00f3nde los directivos dan la oportunidad a gente que ellos quieren, sin respetar la preferencia de antig\u00fcedad que tienen los sindicalizados y por eso hemos llegado a tomar esta medida, como \u00faltimo recurso para lograr la atenci\u00f3n de la direcci\u00f3n de CMAS.<\/p>\n\n\n\n<p>Finalmente, dio a conocer que de no llegar a un arreglo con las autoridades de CMAS, a las 00:00 horas del lunes 21 de octubre, se estar\u00edan colocando las banderas rojinegras en todas las instalaciones del organismo operador del agua potable de Xalapa.<\/p>\n\n\n\n<p>Sin embargo,\u00a0 el movimiento de huelga no afectar\u00e1 el suministro de agua en la ciudad, para lo cual se establecer\u00e1n guardias y garantizar la atenci\u00f3n de los requerimientos que presenten los usuarios, concluy\u00f3.<\/p>\n","protected":false},"excerpt":{"rendered":"<p>Dar\u00edo Pale Xalapa, Ver.- Inminente el estallamiento de huelga en CMAS, directivos se niegan a realizar revisiones\u00a0 contractuales y salariales, podr\u00edan parar labores 345 trabajadores, a partir de las 00:00 horas del pr\u00f3ximo lunes si no hay acuerdos, as\u00ed lo dio a conocer, secretario general del Sindicato de Empleados y Trabajadores de la Comisi\u00f3n Municipal [&hellip;]<\/p>\n","protected":false},"author":2476,"featured_media":59654,"comment_status":"open","ping_status":"open","sticky":false,"template":"","format":"standard","meta":{"_jetpack_memberships_contains_paid_content":false,"footnotes":""},"categories":[3],"tags":[],"class_list":["post-59653","post","type-post","status-publish","format-standard","has-post-thumbnail","hentry","category-xalapa"],"jetpack_featured_media_url":"https:\/\/encuentroinformativo.com.mx\/wp-content\/uploads\/2024\/10\/IMG-20241017-WA0094.jpg","jetpack_sharing_enabled":true,"jetpack_likes_enabled":true,"amp_enabled":true,"_links":{"self":[{"href":"https:\/\/encuentroinformativo.com.mx\/index.php?rest_route=\/wp\/v2\/posts\/59653","targetHints":{"allow":["GET"]}}],"collection":[{"href":"https:\/\/encuentroinformativo.com.mx\/index.php?rest_route=\/wp\/v2\/posts"}],"about":[{"href":"https:\/\/encuentroinformativo.com.mx\/index.php?rest_route=\/wp\/v2\/types\/post"}],"author":[{"embeddable":true,"href":"https:\/\/encuentroinformativo.com.mx\/index.php?rest_route=\/wp\/v2\/users\/2476"}],"replies":[{"embeddable":true,"href":"https:\/\/encuentroinformativo.com.mx\/index.php?rest_route=%2Fwp%2Fv2%2Fcomments&post=59653"}],"version-history":[{"count":1,"href":"https:\/\/encuentroinformativo.com.mx\/index.php?rest_route=\/wp\/v2\/posts\/59653\/revisions"}],"predecessor-version":[{"id":59655,"href":"https:\/\/encuentroinformativo.com.mx\/index.php?rest_route=\/wp\/v2\/posts\/59653\/revisions\/59655"}],"wp:featuredmedia":[{"embeddable":true,"href":"https:\/\/encuentroinformativo.com.mx\/index.php?rest_route=\/wp\/v2\/media\/59654"}],"wp:attachment":[{"href":"https:\/\/encuentroinformativo.com.mx\/index.php?rest_route=%2Fwp%2Fv2%2Fmedia&parent=59653"}],"wp:term":[{"taxonomy":"category","embeddable":true,"href":"https:\/\/encuentroinformativo.com.mx\/index.php?rest_route=%2Fwp%2Fv2%2Fcategories&post=59653"},{"taxonomy":"post_tag","embeddable":true,"href":"https:\/\/encuentroinformativo.com.mx\/index.php?rest_route=%2Fwp%2Fv2%2Ftags&post=59653"}],"curies":[{"name":"wp","href":"https:\/\/api.w.org\/{rel}","templated":true}]}}