{"id":59669,"date":"2024-10-17T18:15:24","date_gmt":"2024-10-18T00:15:24","guid":{"rendered":"https:\/\/encuentroinformativo.com.mx\/?p=59669"},"modified":"2024-10-17T18:15:30","modified_gmt":"2024-10-18T00:15:30","slug":"lista-pavimentacion-de-la-av-mar-mediterraneo-alcalde-jm-unanue","status":"publish","type":"post","link":"https:\/\/encuentroinformativo.com.mx\/?p=59669","title":{"rendered":"Lista pavimentaci\u00f3n de la Av. Mar Mediterr\u00e1neo: Alcalde JM Un\u00e1nue"},"content":{"rendered":"\n<p><strong>* <em>Dicha obra permitir\u00e1 que los ciudadanos transiten por la vialidad con mayor seguridad y comodidad, adem\u00e1s de beneficiar a m\u00e1s de 3 mil personas<\/em>.<\/strong><\/p>\n\n\n\n<p>Boca del R\u00edo, Ver.- El alcalde de Boca del R\u00edo, Juan Manuel Un\u00e1nue Abascal, anunci\u00f3 que la Avenida Mar Mediterr\u00e1neo en el fraccionamiento Costa Verde, qued\u00f3 lista para su uso al ser pavimentada en su totalidad con concreto asf\u00e1ltico<\/p>\n\n\n\n<p>\u201cLa pavimentaci\u00f3n de la Avenida Mar Mediterr\u00e1neo en el Fraccionamiento Costa Verde qued\u00f3 lista, esta es una obra m\u00e1s que concluimos a solicitud de los habitantes de la zona\u201d, resalt\u00f3 el presidente municipal.<\/p>\n\n\n\n<p>Dicha obra permitir\u00e1 que los ciudadanos transiten por la vialidad con mayor seguridad y comodidad, beneficiando directamente a m\u00e1s de 3 mil personas, entre residentes y quienes circulan por esta zona.<\/p>\n\n\n\n<p>Su pavimentaci\u00f3n abarca m\u00e1s de 4 mil metros cuadrados, junto con m\u00e1s de mil metros lineales de pintura especial para se\u00f1alizaci\u00f3n vial y pasos peatonales.<\/p>\n\n\n\n<p>Adem\u00e1s, incluye la instalaci\u00f3n de 40 piezas de se\u00f1alamiento direccional, todo esto con el objetivo de mejorar los servicios p\u00fablicos y fomentar la seguridad vial.<\/p>\n\n\n\n<p>Esta obra no solo tiene un impacto social positivo, sino que tambi\u00e9n impulsa la econom\u00eda local al mejorar la infraestructura urbana y facilitar el tr\u00e1nsito en esta importante v\u00eda de la ciudad.<\/p>\n\n\n\n<figure class=\"wp-block-image size-large\"><img loading=\"lazy\" decoding=\"async\" width=\"1024\" height=\"682\" src=\"https:\/\/encuentroinformativo.com.mx\/wp-content\/uploads\/2024\/10\/1000407343-1024x682.jpg\" alt=\"\" class=\"wp-image-59671\" srcset=\"https:\/\/encuentroinformativo.com.mx\/wp-content\/uploads\/2024\/10\/1000407343-1024x682.jpg 1024w, https:\/\/encuentroinformativo.com.mx\/wp-content\/uploads\/2024\/10\/1000407343-300x200.jpg 300w, https:\/\/encuentroinformativo.com.mx\/wp-content\/uploads\/2024\/10\/1000407343-768x511.jpg 768w, https:\/\/encuentroinformativo.com.mx\/wp-content\/uploads\/2024\/10\/1000407343.jpg 1280w\" sizes=\"auto, (max-width: 1024px) 100vw, 1024px\" \/><\/figure>\n\n\n\n<p><em><strong>GLORIETA PLAZA LAS AM\u00c9RICAS<\/strong><\/em><\/p>\n\n\n\n<p>Asimismo, Juan Manuel Un\u00e1nue Abascal dio a conocer que los trabajos de rehabilitaci\u00f3n con concreto asf\u00e1ltico en la Glorieta de Plaza Am\u00e9ricas, quedaron concluidos, mientras que el pintado de guarniciones, cruces peatonales y l\u00edneas discontinuas se est\u00e1n realizando por las noches.<\/p>\n\n\n\n<p><\/p>\n","protected":false},"excerpt":{"rendered":"<p>* Dicha obra permitir\u00e1 que los ciudadanos transiten por la vialidad con mayor seguridad y comodidad, adem\u00e1s de beneficiar a m\u00e1s de 3 mil personas. Boca del R\u00edo, Ver.- El alcalde de Boca del R\u00edo, Juan Manuel Un\u00e1nue Abascal, anunci\u00f3 que la Avenida Mar Mediterr\u00e1neo en el fraccionamiento Costa Verde, qued\u00f3 lista para su uso [&hellip;]<\/p>\n","protected":false},"author":2476,"featured_media":59670,"comment_status":"open","ping_status":"open","sticky":false,"template":"","format":"standard","meta":{"_jetpack_memberships_contains_paid_content":false,"footnotes":""},"categories":[2],"tags":[],"class_list":["post-59669","post","type-post","status-publish","format-standard","has-post-thumbnail","hentry","category-estado"],"jetpack_featured_media_url":"https:\/\/encuentroinformativo.com.mx\/wp-content\/uploads\/2024\/10\/IMG-20241017-WA0142.jpg","jetpack_sharing_enabled":true,"jetpack_likes_enabled":true,"amp_enabled":true,"_links":{"self":[{"href":"https:\/\/encuentroinformativo.com.mx\/index.php?rest_route=\/wp\/v2\/posts\/59669","targetHints":{"allow":["GET"]}}],"collection":[{"href":"https:\/\/encuentroinformativo.com.mx\/index.php?rest_route=\/wp\/v2\/posts"}],"about":[{"href":"https:\/\/encuentroinformativo.com.mx\/index.php?rest_route=\/wp\/v2\/types\/post"}],"author":[{"embeddable":true,"href":"https:\/\/encuentroinformativo.com.mx\/index.php?rest_route=\/wp\/v2\/users\/2476"}],"replies":[{"embeddable":true,"href":"https:\/\/encuentroinformativo.com.mx\/index.php?rest_route=%2Fwp%2Fv2%2Fcomments&post=59669"}],"version-history":[{"count":1,"href":"https:\/\/encuentroinformativo.com.mx\/index.php?rest_route=\/wp\/v2\/posts\/59669\/revisions"}],"predecessor-version":[{"id":59672,"href":"https:\/\/encuentroinformativo.com.mx\/index.php?rest_route=\/wp\/v2\/posts\/59669\/revisions\/59672"}],"wp:featuredmedia":[{"embeddable":true,"href":"https:\/\/encuentroinformativo.com.mx\/index.php?rest_route=\/wp\/v2\/media\/59670"}],"wp:attachment":[{"href":"https:\/\/encuentroinformativo.com.mx\/index.php?rest_route=%2Fwp%2Fv2%2Fmedia&parent=59669"}],"wp:term":[{"taxonomy":"category","embeddable":true,"href":"https:\/\/encuentroinformativo.com.mx\/index.php?rest_route=%2Fwp%2Fv2%2Fcategories&post=59669"},{"taxonomy":"post_tag","embeddable":true,"href":"https:\/\/encuentroinformativo.com.mx\/index.php?rest_route=%2Fwp%2Fv2%2Ftags&post=59669"}],"curies":[{"name":"wp","href":"https:\/\/api.w.org\/{rel}","templated":true}]}}