{"id":59681,"date":"2024-10-18T12:06:18","date_gmt":"2024-10-18T18:06:18","guid":{"rendered":"https:\/\/encuentroinformativo.com.mx\/?p=59681"},"modified":"2024-10-18T12:06:28","modified_gmt":"2024-10-18T18:06:28","slug":"ultimos-dias-de-oaxaca-en-la-guelaguetza-en-boca-del-rio","status":"publish","type":"post","link":"https:\/\/encuentroinformativo.com.mx\/?p=59681","title":{"rendered":"\u00daltimos d\u00edas de &#8220;Oaxaca en la Guelaguetza&#8221; en Boca del R\u00edo"},"content":{"rendered":"\n<p><strong>Alejandro \u00c1vila<\/strong><\/p>\n\n\n\n<p>Boca del R\u00edo, Ver.- La exposici\u00f3n art\u00edstica, artesanal y gastron\u00f3mica &#8220;Oaxaca en la Guelaguetza&#8221; que se realiza en Plaza Banderas en la cabecera municipal de Boca del R\u00edo, llegar\u00e1 a su fin este pr\u00f3ximo domingo 20 de octubre.<\/p>\n\n\n\n<p>Diana Velasco Leyva, coordinadora del grupo Oaxaca, Arte, Fiesta y Tradici\u00f3n, mencion\u00f3 que este s\u00e1bado y domingo se presentar\u00e1n de manera simb\u00f3lica a las ocho regiones culturales de Oaxaca en el llamado &#8220;Lunes del Cerro&#8221;.<\/p>\n\n\n\n<p>&#8220;Vamos a salir del Palacio Municipal, vamos a venir por la zona restaurantera, van a llegar a esta Plaza Banderas yo creo que alrededor de las 7 de la noche, y yo creo que estamos iniciando ya la Guelagetza el d\u00eda domingo, estamos convocando para la Guelaguetza el d\u00eda s\u00e1bado a las 6 de la tarde&#8221;, expres\u00f3.<\/p>\n\n\n\n<p>De la misma manera se inform\u00f3 que todos los locales de gastronom\u00eda y artesanales que participan dentro de la festividad &#8220;Oaxaca y la Guelaguetza&#8221; se encuentran abiertos de 9 de la ma\u00f1ana a 10 de la noche; aunque a partir de las 6 de la tarde hay cartelera art\u00edstica, como la de este viernes, donde se presenta Cruz Infante, nieto del ex actor del cine mexicano, Pedro Infante.<\/p>\n","protected":false},"excerpt":{"rendered":"<p>Alejandro \u00c1vila Boca del R\u00edo, Ver.- La exposici\u00f3n art\u00edstica, artesanal y gastron\u00f3mica &#8220;Oaxaca en la Guelaguetza&#8221; que se realiza en Plaza Banderas en la cabecera municipal de Boca del R\u00edo, llegar\u00e1 a su fin este pr\u00f3ximo domingo 20 de octubre. Diana Velasco Leyva, coordinadora del grupo Oaxaca, Arte, Fiesta y Tradici\u00f3n, mencion\u00f3 que este s\u00e1bado [&hellip;]<\/p>\n","protected":false},"author":2476,"featured_media":59682,"comment_status":"open","ping_status":"open","sticky":false,"template":"","format":"standard","meta":{"_jetpack_memberships_contains_paid_content":false,"footnotes":""},"categories":[2],"tags":[],"class_list":["post-59681","post","type-post","status-publish","format-standard","has-post-thumbnail","hentry","category-estado"],"jetpack_featured_media_url":"https:\/\/encuentroinformativo.com.mx\/wp-content\/uploads\/2024\/10\/IMG-20241018-WA0021.jpg","jetpack_sharing_enabled":true,"jetpack_likes_enabled":true,"amp_enabled":true,"_links":{"self":[{"href":"https:\/\/encuentroinformativo.com.mx\/index.php?rest_route=\/wp\/v2\/posts\/59681","targetHints":{"allow":["GET"]}}],"collection":[{"href":"https:\/\/encuentroinformativo.com.mx\/index.php?rest_route=\/wp\/v2\/posts"}],"about":[{"href":"https:\/\/encuentroinformativo.com.mx\/index.php?rest_route=\/wp\/v2\/types\/post"}],"author":[{"embeddable":true,"href":"https:\/\/encuentroinformativo.com.mx\/index.php?rest_route=\/wp\/v2\/users\/2476"}],"replies":[{"embeddable":true,"href":"https:\/\/encuentroinformativo.com.mx\/index.php?rest_route=%2Fwp%2Fv2%2Fcomments&post=59681"}],"version-history":[{"count":1,"href":"https:\/\/encuentroinformativo.com.mx\/index.php?rest_route=\/wp\/v2\/posts\/59681\/revisions"}],"predecessor-version":[{"id":59683,"href":"https:\/\/encuentroinformativo.com.mx\/index.php?rest_route=\/wp\/v2\/posts\/59681\/revisions\/59683"}],"wp:featuredmedia":[{"embeddable":true,"href":"https:\/\/encuentroinformativo.com.mx\/index.php?rest_route=\/wp\/v2\/media\/59682"}],"wp:attachment":[{"href":"https:\/\/encuentroinformativo.com.mx\/index.php?rest_route=%2Fwp%2Fv2%2Fmedia&parent=59681"}],"wp:term":[{"taxonomy":"category","embeddable":true,"href":"https:\/\/encuentroinformativo.com.mx\/index.php?rest_route=%2Fwp%2Fv2%2Fcategories&post=59681"},{"taxonomy":"post_tag","embeddable":true,"href":"https:\/\/encuentroinformativo.com.mx\/index.php?rest_route=%2Fwp%2Fv2%2Ftags&post=59681"}],"curies":[{"name":"wp","href":"https:\/\/api.w.org\/{rel}","templated":true}]}}