{"id":59691,"date":"2024-10-18T12:24:17","date_gmt":"2024-10-18T18:24:17","guid":{"rendered":"https:\/\/encuentroinformativo.com.mx\/?p=59691"},"modified":"2024-10-18T12:24:22","modified_gmt":"2024-10-18T18:24:22","slug":"proximo-7-de-noviembre-inicia-organizacion-de-elecciones-locales-ople","status":"publish","type":"post","link":"https:\/\/encuentroinformativo.com.mx\/?p=59691","title":{"rendered":"Pr\u00f3ximo 7 de Noviembre inicia organizaci\u00f3n de elecciones locales: OPLE"},"content":{"rendered":"\n<p><strong>Dar\u00edo Pale <\/strong><\/p>\n\n\n\n<p>Xalapa, Ver.- El 7 de noviembre se instalar\u00e1 el Consejo General del Organismo P\u00fablico Local Electoral (OPLE) con lo que se dar\u00e1 inicio a la organizaci\u00f3n de las elecciones locales para renovar las 212 alcald\u00edas y se aplicar\u00e1n acciones afirmativas con base en consultas hechas, as\u00ed lo dio a conocer la consejera presidenta del \u00d3rgano Electoral, Marisol Alicia Delgadillo Morales.<\/p>\n\n\n\n<p>En entrevista, coment\u00f3 que una vez que se arranque de manera formal comenzar\u00e1n todas las actividades de preparaci\u00f3n y organizaci\u00f3n del proceso ordinario en el que se aplicar\u00e1n las acciones afirmativas normadas con base en las consultas pasadas.<\/p>\n\n\n\n<p>Expuso que este d\u00eda se llevar\u00eda a cabo una capacitaci\u00f3n sobre las acciones afirmativas que se\u00a0 estar\u00e1n implementando para el siguiente proceso electoral ordinario.<\/p>\n\n\n\n<p>&#8220;Como parte de la promoci\u00f3n de la cultura democr\u00e1tica, difundir cu\u00e1l es el marco normativo vigente que estaremos implementando para el pr\u00f3ximo proceso electoral&#8221;, destac\u00f3.<\/p>\n\n\n\n<p>Explic\u00f3 que es una obligaci\u00f3n del OPLE dar a conocer a la sociedad el marco normativo que rige los procesos electorales.<\/p>\n\n\n\n<p>En el caso de los pueblos originarios y afromexicanos, mencion\u00f3 que hasta este momento el \u00f3rgano electoral tiene normados los lineamientos derivados de las consultas p\u00fablicas que realizaron.<\/p>\n\n\n\n<p>&#8220;Y derivado de esas consultas ya tenemos los lineamientos que estar\u00e1n rigiendo para el siguiente proceso local ordinario.<\/p>\n\n\n\n<p>Realizar una modificaci\u00f3n al marco normativo implicar\u00eda realizar otra consulta, lo cual ya de cara al pr\u00f3ximo proceso, lo vemos bastante complicado&#8221;, asever\u00f3.<\/p>\n\n\n\n<p>Ello ante la exigencia de que los pueblos ind\u00edgenas sean regidores, cabe recordar que el 1 de junio del 2025 se votar\u00e1 por 212 alcaldes, igual n\u00famero de s\u00edndicos y 630 regidores, que integrar\u00e1n los Cabildos a partir del 1 de enero del 2026 al 31 de diciembre del 2030.<\/p>\n","protected":false},"excerpt":{"rendered":"<p>Dar\u00edo Pale Xalapa, Ver.- El 7 de noviembre se instalar\u00e1 el Consejo General del Organismo P\u00fablico Local Electoral (OPLE) con lo que se dar\u00e1 inicio a la organizaci\u00f3n de las elecciones locales para renovar las 212 alcald\u00edas y se aplicar\u00e1n acciones afirmativas con base en consultas hechas, as\u00ed lo dio a conocer la consejera presidenta [&hellip;]<\/p>\n","protected":false},"author":2476,"featured_media":59692,"comment_status":"open","ping_status":"open","sticky":false,"template":"","format":"standard","meta":{"_jetpack_memberships_contains_paid_content":false,"footnotes":""},"categories":[2],"tags":[],"class_list":["post-59691","post","type-post","status-publish","format-standard","has-post-thumbnail","hentry","category-estado"],"jetpack_featured_media_url":"https:\/\/encuentroinformativo.com.mx\/wp-content\/uploads\/2024\/10\/IMG-20241018-WA00292.jpg","jetpack_sharing_enabled":true,"jetpack_likes_enabled":true,"amp_enabled":true,"_links":{"self":[{"href":"https:\/\/encuentroinformativo.com.mx\/index.php?rest_route=\/wp\/v2\/posts\/59691","targetHints":{"allow":["GET"]}}],"collection":[{"href":"https:\/\/encuentroinformativo.com.mx\/index.php?rest_route=\/wp\/v2\/posts"}],"about":[{"href":"https:\/\/encuentroinformativo.com.mx\/index.php?rest_route=\/wp\/v2\/types\/post"}],"author":[{"embeddable":true,"href":"https:\/\/encuentroinformativo.com.mx\/index.php?rest_route=\/wp\/v2\/users\/2476"}],"replies":[{"embeddable":true,"href":"https:\/\/encuentroinformativo.com.mx\/index.php?rest_route=%2Fwp%2Fv2%2Fcomments&post=59691"}],"version-history":[{"count":1,"href":"https:\/\/encuentroinformativo.com.mx\/index.php?rest_route=\/wp\/v2\/posts\/59691\/revisions"}],"predecessor-version":[{"id":59693,"href":"https:\/\/encuentroinformativo.com.mx\/index.php?rest_route=\/wp\/v2\/posts\/59691\/revisions\/59693"}],"wp:featuredmedia":[{"embeddable":true,"href":"https:\/\/encuentroinformativo.com.mx\/index.php?rest_route=\/wp\/v2\/media\/59692"}],"wp:attachment":[{"href":"https:\/\/encuentroinformativo.com.mx\/index.php?rest_route=%2Fwp%2Fv2%2Fmedia&parent=59691"}],"wp:term":[{"taxonomy":"category","embeddable":true,"href":"https:\/\/encuentroinformativo.com.mx\/index.php?rest_route=%2Fwp%2Fv2%2Fcategories&post=59691"},{"taxonomy":"post_tag","embeddable":true,"href":"https:\/\/encuentroinformativo.com.mx\/index.php?rest_route=%2Fwp%2Fv2%2Ftags&post=59691"}],"curies":[{"name":"wp","href":"https:\/\/api.w.org\/{rel}","templated":true}]}}