{"id":59697,"date":"2024-10-18T12:53:54","date_gmt":"2024-10-18T18:53:54","guid":{"rendered":"https:\/\/encuentroinformativo.com.mx\/?p=59697"},"modified":"2024-10-18T12:53:59","modified_gmt":"2024-10-18T18:53:59","slug":"escuelas-no-pueden-forzar-participacion-en-festividades-por-dia-de-muertos","status":"publish","type":"post","link":"https:\/\/encuentroinformativo.com.mx\/?p=59697","title":{"rendered":"Escuelas no pueden forzar participaci\u00f3n en festividades por D\u00eda de Muertos"},"content":{"rendered":"\n<p><strong>Dar\u00edo Pale <\/strong><\/p>\n\n\n\n<p>Xalapa, Ver.- El presidente de la Red Evang\u00e9lica de Veracruz, Guillermo Trujillo \u00c1lvarez, dio a conocer que la Secretar\u00eda de Educaci\u00f3n de Veracruz (SEV) instruy\u00f3 a los directores de educaci\u00f3n b\u00e1sica de todo el Estado para que no se obligue a los estudiantes cristianos a celebrar el D\u00eda de Muertos.<\/p>\n\n\n\n<p>En conferencia de prensa se\u00f1al\u00f3 que, &#8220;nosotros como cristianos evang\u00e9licos no participamos en la tradici\u00f3n de D\u00eda de Muertos, en ninguna de sus modalidades, sea altares, sean disfraces\u201d.<\/p>\n\n\n\n<p>\u201cAgradecemos a la SEV el respaldo del Secretario, su respuesta e instrucci\u00f3n a los directores de educaci\u00f3n b\u00e1sica&#8221;, se\u00f1al\u00f3.<\/p>\n\n\n\n<p>Manifest\u00f3 que adem\u00e1s se instruy\u00f3 a las escuelas a que no se obligue a los j\u00f3venes de bachillerato y licenciatura a participar en este tipo de actividades.<\/p>\n\n\n\n<p>Resalt\u00f3 que cualquiera que no acate la disposici\u00f3n oficial ser\u00e1 reportado con todos los datos de la escuela y el nivel educativo.<\/p>\n\n\n\n<p>Reconoci\u00f3 que M\u00e9xico es un pueblo de tradiciones, lo cual respetan como cristianos, pero por ello mismo piden respeto a sus creencias.<\/p>\n\n\n\n<p>Finalmente dio a conocer que con base en la Biblia, los muertos ya no regresan, tienen un juicio de Dios y opin\u00f3 que a las personas se les debe honrar y amar en vida.<\/p>\n","protected":false},"excerpt":{"rendered":"<p>Dar\u00edo Pale Xalapa, Ver.- El presidente de la Red Evang\u00e9lica de Veracruz, Guillermo Trujillo \u00c1lvarez, dio a conocer que la Secretar\u00eda de Educaci\u00f3n de Veracruz (SEV) instruy\u00f3 a los directores de educaci\u00f3n b\u00e1sica de todo el Estado para que no se obligue a los estudiantes cristianos a celebrar el D\u00eda de Muertos. En conferencia de [&hellip;]<\/p>\n","protected":false},"author":2476,"featured_media":59698,"comment_status":"open","ping_status":"open","sticky":false,"template":"","format":"standard","meta":{"_jetpack_memberships_contains_paid_content":false,"footnotes":""},"categories":[2],"tags":[],"class_list":["post-59697","post","type-post","status-publish","format-standard","has-post-thumbnail","hentry","category-estado"],"jetpack_featured_media_url":"https:\/\/encuentroinformativo.com.mx\/wp-content\/uploads\/2024\/10\/IMG-20241018-WA0036.jpg","jetpack_sharing_enabled":true,"jetpack_likes_enabled":true,"amp_enabled":true,"_links":{"self":[{"href":"https:\/\/encuentroinformativo.com.mx\/index.php?rest_route=\/wp\/v2\/posts\/59697","targetHints":{"allow":["GET"]}}],"collection":[{"href":"https:\/\/encuentroinformativo.com.mx\/index.php?rest_route=\/wp\/v2\/posts"}],"about":[{"href":"https:\/\/encuentroinformativo.com.mx\/index.php?rest_route=\/wp\/v2\/types\/post"}],"author":[{"embeddable":true,"href":"https:\/\/encuentroinformativo.com.mx\/index.php?rest_route=\/wp\/v2\/users\/2476"}],"replies":[{"embeddable":true,"href":"https:\/\/encuentroinformativo.com.mx\/index.php?rest_route=%2Fwp%2Fv2%2Fcomments&post=59697"}],"version-history":[{"count":1,"href":"https:\/\/encuentroinformativo.com.mx\/index.php?rest_route=\/wp\/v2\/posts\/59697\/revisions"}],"predecessor-version":[{"id":59699,"href":"https:\/\/encuentroinformativo.com.mx\/index.php?rest_route=\/wp\/v2\/posts\/59697\/revisions\/59699"}],"wp:featuredmedia":[{"embeddable":true,"href":"https:\/\/encuentroinformativo.com.mx\/index.php?rest_route=\/wp\/v2\/media\/59698"}],"wp:attachment":[{"href":"https:\/\/encuentroinformativo.com.mx\/index.php?rest_route=%2Fwp%2Fv2%2Fmedia&parent=59697"}],"wp:term":[{"taxonomy":"category","embeddable":true,"href":"https:\/\/encuentroinformativo.com.mx\/index.php?rest_route=%2Fwp%2Fv2%2Fcategories&post=59697"},{"taxonomy":"post_tag","embeddable":true,"href":"https:\/\/encuentroinformativo.com.mx\/index.php?rest_route=%2Fwp%2Fv2%2Ftags&post=59697"}],"curies":[{"name":"wp","href":"https:\/\/api.w.org\/{rel}","templated":true}]}}