{"id":59706,"date":"2024-10-18T14:51:23","date_gmt":"2024-10-18T20:51:23","guid":{"rendered":"https:\/\/encuentroinformativo.com.mx\/?p=59706"},"modified":"2024-10-18T14:51:28","modified_gmt":"2024-10-18T20:51:28","slug":"asiste-ricardo-ahued-a-reunion-con-canaco-xalapa","status":"publish","type":"post","link":"https:\/\/encuentroinformativo.com.mx\/?p=59706","title":{"rendered":"Asiste Ricardo Ahued a reuni\u00f3n con Canaco Xalapa"},"content":{"rendered":"\n<p><strong>* Empresariado local reconoce labor del Alcalde.<\/strong><\/p>\n\n\n\n<p>Xalapa, Ver.- Este viernes, el presidente municipal Ricardo Ahued Bardahuil asisti\u00f3 al Informe Bimestral de Presidencia del Consejo de la C\u00e1mara Nacional de Comercio, Servicios y Turismo (Canaco- Servytur) Xalapa.<\/p>\n\n\n\n<p>Durante la reuni\u00f3n, el presidente de la C\u00e1mara, Carlos Arturo Luna G\u00f3mez entreg\u00f3 un reconocimiento al Edil por el trabajo realizado en dos Administraciones Municipales.<\/p>\n\n\n\n<p>Dijo que Xalapa ha tenido cambios considerables en la estructura f\u00edsica y social.<\/p>\n\n\n\n<p>\u201cRecibi\u00f3 una ciudad abandonada, en la que se dejaron de realizar muchas cosas, y posteriormente se empezaron a hacer obras de transcendencia\u201d, agreg\u00f3.<\/p>\n\n\n\n<p>Expuso que se ha visto una mejora urbana, as\u00ed como la recuperaci\u00f3n de los espacios verdes.<\/p>\n\n\n\n<p>Adem\u00e1s, integrantes de diversos comercios externaron sus peticiones al Edil, con el fin de realizar cambios en la regi\u00f3n en temas de vialidad, turismo, deporte y el cuidado del agua.<\/p>\n\n\n\n<p>El Edil refrend\u00f3 su compromiso de mantener di\u00e1logo y comunicaci\u00f3n con todos los sectores, as\u00ed como atender y realizar acciones en favor de la comunidad.<\/p>\n\n\n\n<p>Asistieron el alcalde suplente Alberto Islas Reyes, el regidor Carlos Ortega Murgu\u00eda, y representantes del empresariado local.<\/p>\n","protected":false},"excerpt":{"rendered":"<p>* Empresariado local reconoce labor del Alcalde. Xalapa, Ver.- Este viernes, el presidente municipal Ricardo Ahued Bardahuil asisti\u00f3 al Informe Bimestral de Presidencia del Consejo de la C\u00e1mara Nacional de Comercio, Servicios y Turismo (Canaco- Servytur) Xalapa. Durante la reuni\u00f3n, el presidente de la C\u00e1mara, Carlos Arturo Luna G\u00f3mez entreg\u00f3 un reconocimiento al Edil por [&hellip;]<\/p>\n","protected":false},"author":2476,"featured_media":59707,"comment_status":"open","ping_status":"open","sticky":false,"template":"","format":"standard","meta":{"_jetpack_memberships_contains_paid_content":false,"footnotes":""},"categories":[3],"tags":[],"class_list":["post-59706","post","type-post","status-publish","format-standard","has-post-thumbnail","hentry","category-xalapa"],"jetpack_featured_media_url":"https:\/\/encuentroinformativo.com.mx\/wp-content\/uploads\/2024\/10\/IMG-20241018-WA00542.jpg","jetpack_sharing_enabled":true,"jetpack_likes_enabled":true,"amp_enabled":true,"_links":{"self":[{"href":"https:\/\/encuentroinformativo.com.mx\/index.php?rest_route=\/wp\/v2\/posts\/59706","targetHints":{"allow":["GET"]}}],"collection":[{"href":"https:\/\/encuentroinformativo.com.mx\/index.php?rest_route=\/wp\/v2\/posts"}],"about":[{"href":"https:\/\/encuentroinformativo.com.mx\/index.php?rest_route=\/wp\/v2\/types\/post"}],"author":[{"embeddable":true,"href":"https:\/\/encuentroinformativo.com.mx\/index.php?rest_route=\/wp\/v2\/users\/2476"}],"replies":[{"embeddable":true,"href":"https:\/\/encuentroinformativo.com.mx\/index.php?rest_route=%2Fwp%2Fv2%2Fcomments&post=59706"}],"version-history":[{"count":2,"href":"https:\/\/encuentroinformativo.com.mx\/index.php?rest_route=\/wp\/v2\/posts\/59706\/revisions"}],"predecessor-version":[{"id":59709,"href":"https:\/\/encuentroinformativo.com.mx\/index.php?rest_route=\/wp\/v2\/posts\/59706\/revisions\/59709"}],"wp:featuredmedia":[{"embeddable":true,"href":"https:\/\/encuentroinformativo.com.mx\/index.php?rest_route=\/wp\/v2\/media\/59707"}],"wp:attachment":[{"href":"https:\/\/encuentroinformativo.com.mx\/index.php?rest_route=%2Fwp%2Fv2%2Fmedia&parent=59706"}],"wp:term":[{"taxonomy":"category","embeddable":true,"href":"https:\/\/encuentroinformativo.com.mx\/index.php?rest_route=%2Fwp%2Fv2%2Fcategories&post=59706"},{"taxonomy":"post_tag","embeddable":true,"href":"https:\/\/encuentroinformativo.com.mx\/index.php?rest_route=%2Fwp%2Fv2%2Ftags&post=59706"}],"curies":[{"name":"wp","href":"https:\/\/api.w.org\/{rel}","templated":true}]}}