{"id":59713,"date":"2024-10-19T13:59:06","date_gmt":"2024-10-19T19:59:06","guid":{"rendered":"https:\/\/encuentroinformativo.com.mx\/?p=59713"},"modified":"2024-10-19T13:59:12","modified_gmt":"2024-10-19T19:59:12","slug":"balacera-en-coscomatepec-deja-saldo-de-un-muerto-y-tres-heridos","status":"publish","type":"post","link":"https:\/\/encuentroinformativo.com.mx\/?p=59713","title":{"rendered":"Balacera en Coscomatepec deja saldo de un muerto y tres heridos"},"content":{"rendered":"\n<p><strong>Alejandro \u00c1vila<\/strong><\/p>\n\n\n\n<p>Coscomatepec, Ver.- Un enfrentamiento armado encendi\u00f3 las alarmas la noche de este viernes en el municipio de Coscomatepec, donde los reportes indican un saldo de una persona fallecida y tres heridos.<\/p>\n\n\n\n<p>El informe relata que el enfrentamiento entre sujetos armados inicio en la altura del recinto ferial y terminaron en el libramiento, frente a la Farmacia Guadalajara.<\/p>\n\n\n\n<p>De esta agresi\u00f3n, una persona qued\u00f3 sin vida al interior de un veh\u00edculo blanco marca Honda, una motocicleta roja tambi\u00e9n qued\u00f3 tirada en el lugar los hechos, dejando tres heridos m\u00e1s.<\/p>\n\n\n\n<p>Cuerpos de emergencia se trasladaron al lugar para brindar auxilio a los heridos y trasladarlos al Hospital del Bienestar, entre estos dos menores de edad.<\/p>\n\n\n\n<p>Uno de los heridos fue indenficado como Yeison Daniel Mart\u00ednez y solicitan donadores de sangre tipo A+, ya que ha perdido demasiada sangre y su estado es cr\u00edtico; a pesar del fuerte operativo realizado en la zona a\u00fan no se ha podido dar con los responsables.<\/p>\n","protected":false},"excerpt":{"rendered":"<p>Alejandro \u00c1vila Coscomatepec, Ver.- Un enfrentamiento armado encendi\u00f3 las alarmas la noche de este viernes en el municipio de Coscomatepec, donde los reportes indican un saldo de una persona fallecida y tres heridos. El informe relata que el enfrentamiento entre sujetos armados inicio en la altura del recinto ferial y terminaron en el libramiento, frente [&hellip;]<\/p>\n","protected":false},"author":2476,"featured_media":59714,"comment_status":"open","ping_status":"open","sticky":false,"template":"","format":"standard","meta":{"_jetpack_memberships_contains_paid_content":false,"footnotes":""},"categories":[14],"tags":[],"class_list":["post-59713","post","type-post","status-publish","format-standard","has-post-thumbnail","hentry","category-policiaca"],"jetpack_featured_media_url":"https:\/\/encuentroinformativo.com.mx\/wp-content\/uploads\/2024\/10\/IMG-20241019-WA0016.jpg","jetpack_sharing_enabled":true,"jetpack_likes_enabled":true,"amp_enabled":true,"_links":{"self":[{"href":"https:\/\/encuentroinformativo.com.mx\/index.php?rest_route=\/wp\/v2\/posts\/59713","targetHints":{"allow":["GET"]}}],"collection":[{"href":"https:\/\/encuentroinformativo.com.mx\/index.php?rest_route=\/wp\/v2\/posts"}],"about":[{"href":"https:\/\/encuentroinformativo.com.mx\/index.php?rest_route=\/wp\/v2\/types\/post"}],"author":[{"embeddable":true,"href":"https:\/\/encuentroinformativo.com.mx\/index.php?rest_route=\/wp\/v2\/users\/2476"}],"replies":[{"embeddable":true,"href":"https:\/\/encuentroinformativo.com.mx\/index.php?rest_route=%2Fwp%2Fv2%2Fcomments&post=59713"}],"version-history":[{"count":1,"href":"https:\/\/encuentroinformativo.com.mx\/index.php?rest_route=\/wp\/v2\/posts\/59713\/revisions"}],"predecessor-version":[{"id":59715,"href":"https:\/\/encuentroinformativo.com.mx\/index.php?rest_route=\/wp\/v2\/posts\/59713\/revisions\/59715"}],"wp:featuredmedia":[{"embeddable":true,"href":"https:\/\/encuentroinformativo.com.mx\/index.php?rest_route=\/wp\/v2\/media\/59714"}],"wp:attachment":[{"href":"https:\/\/encuentroinformativo.com.mx\/index.php?rest_route=%2Fwp%2Fv2%2Fmedia&parent=59713"}],"wp:term":[{"taxonomy":"category","embeddable":true,"href":"https:\/\/encuentroinformativo.com.mx\/index.php?rest_route=%2Fwp%2Fv2%2Fcategories&post=59713"},{"taxonomy":"post_tag","embeddable":true,"href":"https:\/\/encuentroinformativo.com.mx\/index.php?rest_route=%2Fwp%2Fv2%2Ftags&post=59713"}],"curies":[{"name":"wp","href":"https:\/\/api.w.org\/{rel}","templated":true}]}}