{"id":59716,"date":"2024-10-19T14:08:19","date_gmt":"2024-10-19T20:08:19","guid":{"rendered":"https:\/\/encuentroinformativo.com.mx\/?p=59716"},"modified":"2024-10-19T14:08:23","modified_gmt":"2024-10-19T20:08:23","slug":"la-ley-es-la-columna-vertebral-de-la-sociedad-acosta-naranjo","status":"publish","type":"post","link":"https:\/\/encuentroinformativo.com.mx\/?p=59716","title":{"rendered":"La ley es la columna vertebral de la sociedad: Acosta Naranjo"},"content":{"rendered":"\n<p><strong>Dar\u00edo Pale <\/strong><\/p>\n\n\n\n<p>Xalapa, Ver.- Guadalupe Acosta Naranjo exdirigente del Partido de la Revoluci\u00f3n Democr\u00e1tica (PRD), actualmente Dirigente Nacional del Frente C\u00edvico Nacional dio a conocer que en la 4T son rencorosos, doblaron a los Yunes.<\/p>\n\n\n\n<p>En conferencia de prensa, expres\u00f3 que al senador Miguel \u00c1ngel Yunes M\u00e1rquez &#8220;lo dobl\u00f3&#8221; la Cuarta Transformaci\u00f3n, por eso \u00e9l y su padre avalaron la reforma judicial, &#8220;bueno, doblaron a mi amigo Miguel \u00c1ngel, que parec\u00eda indoblable y lo doblaron. A los gobernadores que se pusieron de acuerdo con ellos en bajadas, a los que no, exilio, as\u00ed es la 4T&#8221;, se\u00f1al\u00f3.<\/p>\n\n\n\n<p>Quien fuera el representante de la coalici\u00f3n Fuerza y Coraz\u00f3n por M\u00e9xico, hizo un recuento de la votaci\u00f3n del 2 de junio pasado, por Morena y por la Coalici\u00f3n, por lo que defendi\u00f3 que no son pocos y en ese sentido, la mayor\u00eda del Movimiento en la C\u00e1mara de Diputados y en el Senado, no ten\u00edan derecho de modificar la Constituci\u00f3n.<\/p>\n\n\n\n<p>Asegur\u00f3 que Morena no representa a toda la sociedad, sin embargo, est\u00e1n actuando como si fueran due\u00f1os del pa\u00eds, lo que podr\u00eda llevarnos a un gobierno como el de Venezuela, por lo que acus\u00f3 que Andr\u00e9s Manuel L\u00f3pez Obrador, expresidente, traicion\u00f3 los principios por los que dec\u00eda luchar, un ejemplo, es la sobrerepresentaci\u00f3n que tienen Morena en el Congreso Federal, la desaparici\u00f3n de poderes aut\u00f3nomos y el desmantelamiento del Poder Judicial.<\/p>\n\n\n\n<p>El pol\u00edtico plante\u00f3 que L\u00f3pez Obrador sigue al frente del Ejecutivo Federal y Claudia Sheinbaum es solo la vicepresidenta, pues el morenista sigue tomando decisiones en M\u00e9xico, \u201cel sigue teniendo todos los hilos por desgracia\u201d.<\/p>\n\n\n\n<p>\u201cL\u00f3pez Obrador se traicion\u00f3 a s\u00ed mismo, nosotros and\u00e1bamos luchando contra la militarizaci\u00f3n y hoy lo elev\u00f3 a rango constitucional\u201d, record\u00f3.<\/p>\n\n\n\n<p>\u201cPor ellos votaron el 54 por ciento de la gente, no vot\u00f3 el 77 que tienen en la c\u00e1mara, son el 54 del 60, representan el 38 por ciento de la poblaci\u00f3n y hablan con una fuerza, casi lo hacen a nombre de todos los ciudadanos\u201d, se\u00f1alo.<\/p>\n\n\n\n<p>En ese sentido, dijo, que no pueden modificar la constituci\u00f3n a <em>contentillo<\/em> o a conveniencia, pues la ley es la columna vertebral de la sociedad, \u201cyo quiero que la gente entienda que si no paramos estos, vamos a estar peor que Venezuela\u201d.<\/p>\n\n\n\n<p>Expres\u00f3 su deseo de que la Suprema Corte de Justicia de la Naci\u00f3n eche abajo la reforma judicial, de lo contrario nos pasar\u00e1 lo mismo que a Venezuela.<\/p>\n\n\n\n<p>El dirigente del Frente C\u00edvico Nacional reconoci\u00f3 que la gente ha dejado de creer en los partidos pol\u00edticos y justa raz\u00f3n, por lo que han hecho a lo largo de la historia, sin embargo, dijo que ellos seguir\u00e1n luchando a trav\u00e9s de una nueva organizaci\u00f3n pol\u00edtica.<\/p>\n\n\n\n<p>&#8220;Hoy no estamos derrotados, fuimos m\u00e1s de 20 millones los que votamos distinto, entonces lo dicen con tanta fuerza que hasta nosotros nos\u00a0 creemos que no somos nada, ahora resulta que Huerta (Manuel) es el vocero de todo el pueblo de todo Veracruz. \u00a1Cargame la santa fregada!&#8221;, coment\u00f3.<\/p>\n\n\n\n<p>Ah\u00ed asegur\u00f3 que al senador veracruzano lo rega\u00f1\u00f3 la presidenta Claudia Sheinbaum por haber propuesto una enmienda para tener veto para el tema de los magistrados, jueces y ministros.<\/p>\n\n\n\n<p>El experredista asegur\u00f3 que s\u00ed teme alg\u00fan tipo de represalia, ya que tanto el expresidente Andr\u00e9s Manuel como la presidenta Sheinbaum son muy rencorosos, pero seguir\u00e1 dando la lucha, &#8220;el problema es que el miedo te paralice&#8221;, manifest\u00f3.<\/p>\n\n\n\n<p>Asimismo, luego de la advertencia que hiciera la Presidenta a la jueza del Juzgado D\u00e9cimo Noveno de Distrito, Nancy Ju\u00e1rez Salas, con sede en el municipio de Coatzacoalcos, quien resolvi\u00f3 un recurso de amparo y determin\u00f3 que en un plazo no mayor a 24 horas la presidenta de M\u00e9xico deb\u00eda dar de baja de DOF la Reforma Judicial, pues, de lo contrario, dar\u00eda vista a la Fiscal\u00eda General de la Rep\u00fablica (FGR); Acosta Naranjo pregunt\u00f3 c\u00f3mo puede decir esto una heredera del movimiento estudiantil de 1968.<\/p>\n\n\n\n<p>Finalmente critic\u00f3 que se intente reprimir a una Jueza, por ello reiter\u00f3 que hay temor de luchar contra la 4T.<\/p>\n","protected":false},"excerpt":{"rendered":"<p>Dar\u00edo Pale Xalapa, Ver.- Guadalupe Acosta Naranjo exdirigente del Partido de la Revoluci\u00f3n Democr\u00e1tica (PRD), actualmente Dirigente Nacional del Frente C\u00edvico Nacional dio a conocer que en la 4T son rencorosos, doblaron a los Yunes. En conferencia de prensa, expres\u00f3 que al senador Miguel \u00c1ngel Yunes M\u00e1rquez &#8220;lo dobl\u00f3&#8221; la Cuarta Transformaci\u00f3n, por eso \u00e9l [&hellip;]<\/p>\n","protected":false},"author":2476,"featured_media":59717,"comment_status":"open","ping_status":"open","sticky":false,"template":"","format":"standard","meta":{"_jetpack_memberships_contains_paid_content":false,"footnotes":""},"categories":[2],"tags":[],"class_list":["post-59716","post","type-post","status-publish","format-standard","has-post-thumbnail","hentry","category-estado"],"jetpack_featured_media_url":"https:\/\/encuentroinformativo.com.mx\/wp-content\/uploads\/2024\/10\/IMG-20241019-WA0025.jpg","jetpack_sharing_enabled":true,"jetpack_likes_enabled":true,"amp_enabled":true,"_links":{"self":[{"href":"https:\/\/encuentroinformativo.com.mx\/index.php?rest_route=\/wp\/v2\/posts\/59716","targetHints":{"allow":["GET"]}}],"collection":[{"href":"https:\/\/encuentroinformativo.com.mx\/index.php?rest_route=\/wp\/v2\/posts"}],"about":[{"href":"https:\/\/encuentroinformativo.com.mx\/index.php?rest_route=\/wp\/v2\/types\/post"}],"author":[{"embeddable":true,"href":"https:\/\/encuentroinformativo.com.mx\/index.php?rest_route=\/wp\/v2\/users\/2476"}],"replies":[{"embeddable":true,"href":"https:\/\/encuentroinformativo.com.mx\/index.php?rest_route=%2Fwp%2Fv2%2Fcomments&post=59716"}],"version-history":[{"count":1,"href":"https:\/\/encuentroinformativo.com.mx\/index.php?rest_route=\/wp\/v2\/posts\/59716\/revisions"}],"predecessor-version":[{"id":59718,"href":"https:\/\/encuentroinformativo.com.mx\/index.php?rest_route=\/wp\/v2\/posts\/59716\/revisions\/59718"}],"wp:featuredmedia":[{"embeddable":true,"href":"https:\/\/encuentroinformativo.com.mx\/index.php?rest_route=\/wp\/v2\/media\/59717"}],"wp:attachment":[{"href":"https:\/\/encuentroinformativo.com.mx\/index.php?rest_route=%2Fwp%2Fv2%2Fmedia&parent=59716"}],"wp:term":[{"taxonomy":"category","embeddable":true,"href":"https:\/\/encuentroinformativo.com.mx\/index.php?rest_route=%2Fwp%2Fv2%2Fcategories&post=59716"},{"taxonomy":"post_tag","embeddable":true,"href":"https:\/\/encuentroinformativo.com.mx\/index.php?rest_route=%2Fwp%2Fv2%2Ftags&post=59716"}],"curies":[{"name":"wp","href":"https:\/\/api.w.org\/{rel}","templated":true}]}}