{"id":5972,"date":"2020-09-19T12:05:24","date_gmt":"2020-09-19T17:05:24","guid":{"rendered":"https:\/\/encuentroinformativo.com.mx\/?p=5972"},"modified":"2020-09-19T12:05:27","modified_gmt":"2020-09-19T17:05:27","slug":"aumentara-el-pago-de-internet","status":"publish","type":"post","link":"https:\/\/encuentroinformativo.com.mx\/?p=5972","title":{"rendered":"\u00bfAumentar\u00e1 el pago de Internet?"},"content":{"rendered":"\n<p><strong>N\u00fameros Rojos<\/strong><\/p>\n\n\n\n<p><strong>Brenda Caballero<\/strong><\/p>\n\n\n\n<p>El plan de la maestr\u00eda se me hizo interesante, m\u00e1s a\u00fan es el poder cursarla 100 por ciento en l\u00ednea ahora que estamos en tiempos de Covid-19. Pido informes, sin embargo, el costo mensual es demasiado alto para mi bolsillo.<\/p>\n\n\n\n<p>\u201cLo puede pagar a 18 meses\u201d, dice el joven de la Universidad ante mi silencio y en aras de convencerme.<\/p>\n\n\n\n<p>A\u00fan as\u00ed, tendr\u00eda que guardar quincena y media de mi salario para poderla pagar \u00bfY c\u00f3mo vivo si tambi\u00e9n pago un cr\u00e9dito hipotecario y adem\u00e1s, como todos los d\u00edas<\/p>\n\n\n\n<p>Definitivamente no es opci\u00f3n para m\u00ed, ni para muchos colegas que aspiramos a superarnos y a seguir aprendiendo.<\/p>\n\n\n\n<p>Si bien es cierto, la educaci\u00f3n cuesta, tambi\u00e9n cuestan los medios para poder accesar a ella, aunque sea educaci\u00f3n totalmente en l\u00ednea, pues hay que pagar la internet.<\/p>\n\n\n\n<p>Si usted en casa tiene el servicio de internet, sabr\u00e1 a lo que me refiero, pues no es barato, incluso no conozco compa\u00f1\u00eda que ofrezca \u00a0\u00fanicamente internet, siempre va en paquete: con servicio de televisi\u00f3n o tel\u00e9fono.<\/p>\n\n\n\n<p>\u00bfY si no los quiero? Pues ni modo, la \u201cpromoci\u00f3n as\u00ed es, para que le cueste m\u00e1s barato\u201d.<\/p>\n\n\n\n<p>Aunque para el 2021 podr\u00eda ser m\u00e1s caro, si se aprueba una iniciativa de reforma propuesta por la Secretar\u00eda de Hacienda y Cr\u00e9dito P\u00fablico para modificar la Ley Federal de Derechos que propone se incremente el precio por el uso del espectro radioel\u00e9ctrico (\u201crecurso natural, de car\u00e1cter limitado, que constituye un bien de dominio p\u00fablico, sobre el cual el Estado ejerce su soberan\u00eda.<\/p>\n\n\n\n<p>Es asimismo, un medio intangible que puede utilizarse para la prestaci\u00f3n de diversos servicios de comunicaciones, de manera combinada o no con medios tangibles como cables, fibra \u00f3ptica, entre otros\u201d).<\/p>\n\n\n\n<p>La propuesta consiste en aumentar el cobro de derechos a las empresas de telecomunicaciones por el uso de las bandas de los 800 Mgz que utilizan para prestar sus servicios m\u00f3viles, pues argumentan que el esquema actual no se ha actualizado.De aprobarse la iniciativa, el pr\u00f3ximo a\u00f1o tambi\u00e9n afectar\u00eda al uso de la telefon\u00eda en el pa\u00eds, es decir, habr\u00eda aumento de precios. S\u00ed, en plena pandemia, cuando para estudiar y trabajar a distancia es totalmente necesario tener internet y tel\u00e9fono.<\/p>\n\n\n\n<p>Seg\u00fan informaci\u00f3n del Inegi, en M\u00e9xico existen alrededor de 40 millones de mexicanas y mexicanos que no tienen acceso a internet; incluso con esta pandemia sali\u00f3 a relucir que \u00fanicamente el 44 por ciento de los estudiantes tienen acceso a internet.<\/p>\n\n\n\n<p>Ahora, \u00bfse imagina el panorama con el incremento a la tarifa del espectro? Sin duda la brecha se puede abrir en lugar de cerrar.La iniciativa de Hacienda est\u00e1 en la mesa, habr\u00e1 que esperar qu\u00e9 pasa con ella, pues ya inici\u00f3 en algunos estados el proceso electoral y el pr\u00f3ximo a\u00f1o contin\u00faa en el resto del pa\u00eds, y para nada es popular el aumento de impuestos.<\/p>\n\n\n\n<p>Aunque recordemos que el mismo secretario Arturo Herrera Guti\u00e9rrez declar\u00f3 que \u201cya no hay guardadito\u201d.<\/p>\n\n\n\n<p>@NumerosRojos_BC<\/p>\n\n\n\n<p><a rel=\"noreferrer noopener\" href=\"mailto:caballero_brenda@hotmail.com\" target=\"_blank\">caballero_brenda@hotmail.com<\/a><\/p>\n","protected":false},"excerpt":{"rendered":"<p>N\u00fameros Rojos Brenda Caballero El plan de la maestr\u00eda se me hizo interesante, m\u00e1s a\u00fan es el poder cursarla 100 por ciento en l\u00ednea ahora que estamos en tiempos de Covid-19. Pido informes, sin embargo, el costo mensual es demasiado alto para mi bolsillo. \u201cLo puede pagar a 18 meses\u201d, dice el joven de la [&hellip;]<\/p>\n","protected":false},"author":1,"featured_media":387,"comment_status":"open","ping_status":"open","sticky":false,"template":"","format":"aside","meta":{"_jetpack_memberships_contains_paid_content":false,"footnotes":""},"categories":[11],"tags":[],"class_list":["post-5972","post","type-post","status-publish","format-aside","has-post-thumbnail","hentry","category-opinion","post_format-post-format-aside"],"jetpack_featured_media_url":"https:\/\/encuentroinformativo.com.mx\/wp-content\/uploads\/2020\/03\/7CF8A22B-2764-47BE-8F7F-38FE9E5D6A2F.jpeg","jetpack_sharing_enabled":true,"jetpack_likes_enabled":true,"amp_enabled":true,"_links":{"self":[{"href":"https:\/\/encuentroinformativo.com.mx\/index.php?rest_route=\/wp\/v2\/posts\/5972","targetHints":{"allow":["GET"]}}],"collection":[{"href":"https:\/\/encuentroinformativo.com.mx\/index.php?rest_route=\/wp\/v2\/posts"}],"about":[{"href":"https:\/\/encuentroinformativo.com.mx\/index.php?rest_route=\/wp\/v2\/types\/post"}],"author":[{"embeddable":true,"href":"https:\/\/encuentroinformativo.com.mx\/index.php?rest_route=\/wp\/v2\/users\/1"}],"replies":[{"embeddable":true,"href":"https:\/\/encuentroinformativo.com.mx\/index.php?rest_route=%2Fwp%2Fv2%2Fcomments&post=5972"}],"version-history":[{"count":1,"href":"https:\/\/encuentroinformativo.com.mx\/index.php?rest_route=\/wp\/v2\/posts\/5972\/revisions"}],"predecessor-version":[{"id":5973,"href":"https:\/\/encuentroinformativo.com.mx\/index.php?rest_route=\/wp\/v2\/posts\/5972\/revisions\/5973"}],"wp:featuredmedia":[{"embeddable":true,"href":"https:\/\/encuentroinformativo.com.mx\/index.php?rest_route=\/wp\/v2\/media\/387"}],"wp:attachment":[{"href":"https:\/\/encuentroinformativo.com.mx\/index.php?rest_route=%2Fwp%2Fv2%2Fmedia&parent=5972"}],"wp:term":[{"taxonomy":"category","embeddable":true,"href":"https:\/\/encuentroinformativo.com.mx\/index.php?rest_route=%2Fwp%2Fv2%2Fcategories&post=5972"},{"taxonomy":"post_tag","embeddable":true,"href":"https:\/\/encuentroinformativo.com.mx\/index.php?rest_route=%2Fwp%2Fv2%2Ftags&post=5972"}],"curies":[{"name":"wp","href":"https:\/\/api.w.org\/{rel}","templated":true}]}}