{"id":59759,"date":"2024-10-20T20:53:13","date_gmt":"2024-10-21T02:53:13","guid":{"rendered":"https:\/\/encuentroinformativo.com.mx\/?p=59759"},"modified":"2024-10-20T20:53:18","modified_gmt":"2024-10-21T02:53:18","slug":"asume-luis-carbonell-dirigencia-estatal-de-movimiento-ciudadano","status":"publish","type":"post","link":"https:\/\/encuentroinformativo.com.mx\/?p=59759","title":{"rendered":"Asume Luis Carbonell dirigencia estatal de Movimiento Ciudadano"},"content":{"rendered":"\n<p><strong>* El abogado y delegado nacional de Movimiento Ciudadano en Veracruz Luis Carbonell de la Hoz toma protesta como nuevo l\u00edder estatal.<\/strong><\/p>\n\n\n\n<p><strong>* Este Domingo llegaron a Xalapa los actores pol\u00edticos nacionales y estatales para respaldar a Carbonell de la Hoz en su nueva encomienda: la dirigencia estatal.<\/strong><\/p>\n\n\n\n<p><strong>* Con la fuerza de millones veracruzanas y veracruzanos libres, vamos a recuperar el futuro, dijo en la ma\u00f1ana de este Domingo Luis Carbonell, el nuevo dirigente estatal.<\/strong><\/p>\n\n\n\n<p>Xalapa, Ver.- En un escenario plet\u00f3rico y a reventar se llev\u00f3 a cabo la cuarta asamblea de delegados de Movimiento Ciudadano en el estado de Veracruz donde fue elegido un nuevo coordinador estatal en la figura del abogado Luis Carbonell de la Hoz quien entra en relevo de Sergio Gil Rull\u00e1n.<\/p>\n\n\n\n<p>Los delegados estatales presentes votaron por unanimidad para que Carbonell fuera ungido como nuevo l\u00edder de Movimiento Ciudadano en el estado de Veracruz. En su primer mensaje ya como dirigente estatal Carbonell de la Hoz agradeci\u00f3 la confianza brindada por todos y cada uno de los delegados presentes para encabezar el proyecto emecista en el estado. Asegur\u00f3 que no le fallar\u00e1 a la gran familia naranja y que pondr\u00e1 lo mejor de su parte para seguir con paso firme consolidando a Movimiento Ciudadano como la primera fuerza pol\u00edtica en el estado.<\/p>\n\n\n\n<p>\u201cPor ello, hoy les pido, llevar un mensaje poderoso de esperanza y renovaci\u00f3n, a cada rinc\u00f3n de Veracruz, \u00a1D\u00edganles que Veracruz no est\u00e1 s\u00f3lo, y que juntos, somos capaces de reconstruir, lo que otros han dejado caer! Dijo que en unidad, ese movimiento nos llevar\u00e1, el pr\u00f3ximo a\u00f1o, a ganar el mayor n\u00famero de alcald\u00edas, y as\u00ed consolidarnos como la fuerza pol\u00edtica que acreditar\u00e1 la mayor\u00eda del Congreso de la Uni\u00f3n en 2017. Y as\u00ed, ser opci\u00f3n natural para ganar la gubernatura de Veracruz y la Presidencia de la Rep\u00fablica.<\/p>\n\n\n\n<p>Hizo hincapi\u00e9 en que solo con la fuerza y el trabajo de todos los veracruzanos ser\u00e1 posible cambiar la realidad de nuestro estado. \u201cTenemos que construir desde lo local, para pasar a la siguiente fase\u201d. \u201cHay que tomar como ejemplo el trabajo honesto, dedicado, coordinado, puntual y sobre todo de gran amor a Veracruz que nuestro l\u00edder Dante Alfonso Delgado Rannauro ha implementado en Movimiento Ciudadano y cuando fue gobernador de Veracruz. Solo as\u00ed podremos llegar a nuestros objetivos\u201d.<\/p>\n\n\n\n<p>Por \u00faltimo, agradeci\u00f3 la presencia y el respaldo del l\u00edder nacional y ex senador de la Rep\u00fablica, Dante Alfonso Delgado Rannauro, quien tom\u00f3 la protesta estatutaria a los nuevos integrantes de la Comisi\u00f3n Operativa Estatal. Tambi\u00e9n destac\u00f3 la participaci\u00f3n de la coordinadora del Grupo Parlamentario de Movimiento Ciudadano en la C\u00e1mara de Diputados, Diputada Ivonne Ortega Pacheco, as\u00ed como de Dante Delgado Morales, Jorge \u00c1lvarez M\u00e1ynez, senadores, diputados federales y locales, alcaldes, militantes y dem\u00e1s invitados especiales, en particular los amigos de los medios de comunicaci\u00f3n.<\/p>\n","protected":false},"excerpt":{"rendered":"<p>* El abogado y delegado nacional de Movimiento Ciudadano en Veracruz Luis Carbonell de la Hoz toma protesta como nuevo l\u00edder estatal. * Este Domingo llegaron a Xalapa los actores pol\u00edticos nacionales y estatales para respaldar a Carbonell de la Hoz en su nueva encomienda: la dirigencia estatal. * Con la fuerza de millones veracruzanas [&hellip;]<\/p>\n","protected":false},"author":2476,"featured_media":59760,"comment_status":"open","ping_status":"open","sticky":false,"template":"","format":"standard","meta":{"_jetpack_memberships_contains_paid_content":false,"footnotes":""},"categories":[2],"tags":[],"class_list":["post-59759","post","type-post","status-publish","format-standard","has-post-thumbnail","hentry","category-estado"],"jetpack_featured_media_url":"https:\/\/encuentroinformativo.com.mx\/wp-content\/uploads\/2024\/10\/IMG-20241020-WA0027.jpg","jetpack_sharing_enabled":true,"jetpack_likes_enabled":true,"amp_enabled":true,"_links":{"self":[{"href":"https:\/\/encuentroinformativo.com.mx\/index.php?rest_route=\/wp\/v2\/posts\/59759","targetHints":{"allow":["GET"]}}],"collection":[{"href":"https:\/\/encuentroinformativo.com.mx\/index.php?rest_route=\/wp\/v2\/posts"}],"about":[{"href":"https:\/\/encuentroinformativo.com.mx\/index.php?rest_route=\/wp\/v2\/types\/post"}],"author":[{"embeddable":true,"href":"https:\/\/encuentroinformativo.com.mx\/index.php?rest_route=\/wp\/v2\/users\/2476"}],"replies":[{"embeddable":true,"href":"https:\/\/encuentroinformativo.com.mx\/index.php?rest_route=%2Fwp%2Fv2%2Fcomments&post=59759"}],"version-history":[{"count":1,"href":"https:\/\/encuentroinformativo.com.mx\/index.php?rest_route=\/wp\/v2\/posts\/59759\/revisions"}],"predecessor-version":[{"id":59761,"href":"https:\/\/encuentroinformativo.com.mx\/index.php?rest_route=\/wp\/v2\/posts\/59759\/revisions\/59761"}],"wp:featuredmedia":[{"embeddable":true,"href":"https:\/\/encuentroinformativo.com.mx\/index.php?rest_route=\/wp\/v2\/media\/59760"}],"wp:attachment":[{"href":"https:\/\/encuentroinformativo.com.mx\/index.php?rest_route=%2Fwp%2Fv2%2Fmedia&parent=59759"}],"wp:term":[{"taxonomy":"category","embeddable":true,"href":"https:\/\/encuentroinformativo.com.mx\/index.php?rest_route=%2Fwp%2Fv2%2Fcategories&post=59759"},{"taxonomy":"post_tag","embeddable":true,"href":"https:\/\/encuentroinformativo.com.mx\/index.php?rest_route=%2Fwp%2Fv2%2Ftags&post=59759"}],"curies":[{"name":"wp","href":"https:\/\/api.w.org\/{rel}","templated":true}]}}