{"id":59769,"date":"2024-10-21T11:58:23","date_gmt":"2024-10-21T17:58:23","guid":{"rendered":"https:\/\/encuentroinformativo.com.mx\/?p=59769"},"modified":"2024-10-21T11:58:28","modified_gmt":"2024-10-21T17:58:28","slug":"escuelas-de-veracruz-interrumpen-clases-debido-tormenta-tropical-nadine","status":"publish","type":"post","link":"https:\/\/encuentroinformativo.com.mx\/?p=59769","title":{"rendered":"Escuelas de Veracruz interrumpen clases debido Tormenta Tropical &#8220;Nadine&#8221;"},"content":{"rendered":"\n<p><strong>Alejandro \u00c1vila<\/strong><\/p>\n\n\n\n<p>Veracruz, Ver.- Escuelas de la zona conurbada Veracruz &#8211; Boca del R\u00edo decidieron interrumpir sus clases debido a las intensas lluvias que se suscitan en ambos municipios.<\/p>\n\n\n\n<p>Desde las primeras horas de este lunes 21 de octubre a consecuencia de la Tormenta Tropical &#8220;Nadine&#8221; en conjunto con el Frente Fr\u00edo n\u00famero 4, se suscitaron intensas precipitaciones pluviales en la zona conurbada; sin embargo, al no haber un anuncio oficial de la Secretar\u00eda de Educaci\u00f3n de Veracruz, varias escuelas decidieron continuar con sus actividades.<\/p>\n\n\n\n<p>Alrededor de las 11 de la ma\u00f1ana de este lunes las escuelas que s\u00ed aceptaron alumnos comenzaron a avisar a los padres de familia para que acudieran por los peque\u00f1os debido a que las lluvias continuar\u00e1n todo el d\u00eda y las calles se encuentran inundadas.<\/p>\n\n\n\n<p>De la misma manera, la Universidad Veracruzana anunci\u00f3 que los campus ubicados en los municipios de Veracruz y Boca del R\u00edo tambi\u00e9n suspend\u00edan clases en este d\u00eda.<\/p>\n","protected":false},"excerpt":{"rendered":"<p>Alejandro \u00c1vila Veracruz, Ver.- Escuelas de la zona conurbada Veracruz &#8211; Boca del R\u00edo decidieron interrumpir sus clases debido a las intensas lluvias que se suscitan en ambos municipios. Desde las primeras horas de este lunes 21 de octubre a consecuencia de la Tormenta Tropical &#8220;Nadine&#8221; en conjunto con el Frente Fr\u00edo n\u00famero 4, se [&hellip;]<\/p>\n","protected":false},"author":2476,"featured_media":59770,"comment_status":"open","ping_status":"open","sticky":false,"template":"","format":"standard","meta":{"_jetpack_memberships_contains_paid_content":false,"footnotes":""},"categories":[2],"tags":[],"class_list":["post-59769","post","type-post","status-publish","format-standard","has-post-thumbnail","hentry","category-estado"],"jetpack_featured_media_url":"https:\/\/encuentroinformativo.com.mx\/wp-content\/uploads\/2024\/10\/IMG-20241021-WA0024.jpg","jetpack_sharing_enabled":true,"jetpack_likes_enabled":true,"amp_enabled":true,"_links":{"self":[{"href":"https:\/\/encuentroinformativo.com.mx\/index.php?rest_route=\/wp\/v2\/posts\/59769","targetHints":{"allow":["GET"]}}],"collection":[{"href":"https:\/\/encuentroinformativo.com.mx\/index.php?rest_route=\/wp\/v2\/posts"}],"about":[{"href":"https:\/\/encuentroinformativo.com.mx\/index.php?rest_route=\/wp\/v2\/types\/post"}],"author":[{"embeddable":true,"href":"https:\/\/encuentroinformativo.com.mx\/index.php?rest_route=\/wp\/v2\/users\/2476"}],"replies":[{"embeddable":true,"href":"https:\/\/encuentroinformativo.com.mx\/index.php?rest_route=%2Fwp%2Fv2%2Fcomments&post=59769"}],"version-history":[{"count":1,"href":"https:\/\/encuentroinformativo.com.mx\/index.php?rest_route=\/wp\/v2\/posts\/59769\/revisions"}],"predecessor-version":[{"id":59771,"href":"https:\/\/encuentroinformativo.com.mx\/index.php?rest_route=\/wp\/v2\/posts\/59769\/revisions\/59771"}],"wp:featuredmedia":[{"embeddable":true,"href":"https:\/\/encuentroinformativo.com.mx\/index.php?rest_route=\/wp\/v2\/media\/59770"}],"wp:attachment":[{"href":"https:\/\/encuentroinformativo.com.mx\/index.php?rest_route=%2Fwp%2Fv2%2Fmedia&parent=59769"}],"wp:term":[{"taxonomy":"category","embeddable":true,"href":"https:\/\/encuentroinformativo.com.mx\/index.php?rest_route=%2Fwp%2Fv2%2Fcategories&post=59769"},{"taxonomy":"post_tag","embeddable":true,"href":"https:\/\/encuentroinformativo.com.mx\/index.php?rest_route=%2Fwp%2Fv2%2Ftags&post=59769"}],"curies":[{"name":"wp","href":"https:\/\/api.w.org\/{rel}","templated":true}]}}