{"id":59786,"date":"2024-10-21T15:08:42","date_gmt":"2024-10-21T21:08:42","guid":{"rendered":"https:\/\/encuentroinformativo.com.mx\/?p=59786"},"modified":"2024-10-21T15:08:47","modified_gmt":"2024-10-21T21:08:47","slug":"invitan-evangelicos-a-gran-marcha-por-la-familia","status":"publish","type":"post","link":"https:\/\/encuentroinformativo.com.mx\/?p=59786","title":{"rendered":"Invitan evang\u00e9licos a Gran Marcha por la Familia"},"content":{"rendered":"\n<p><strong>Dar\u00edo Pale <\/strong><\/p>\n\n\n\n<p>Xalapa, Ver.- \u00a1S\u00famate a la Gran Marcha por la Familia!, la cual ser\u00e1 este domingo 27 a las 5:30 de la tarde; saldr\u00e1n de la Facultad de Econom\u00eda, as\u00ed lo dio a conocer Arturo S\u00e1nchez Hern\u00e1ndez, superintendente del distrito Veracruz del Concilio Nacional de las Asambleas de Dios.<\/p>\n\n\n\n<p>En conferencia de prensa miembros de la Iglesia Evang\u00e9lica anunciaron la \u201cGran Marcha por la Familia\u201d que se realizar\u00e1 el pr\u00f3ximo domingo 27 de octubre en la capital del estado, cuyo fin es promover y preservar los valores de la familia.<\/p>\n\n\n\n<p>\u201cEl prop\u00f3sito de esta marcha es manifestar ante nuestra sociedad la importancia de la familia y de los principios b\u00edblicos porque, como creyentes y mexicanos, estamos comprometidos con nuestro pa\u00eds en la formaci\u00f3n de las familias\u201d, explic\u00f3 Abner Lara Cano.<\/p>\n\n\n\n<p>La movilizaci\u00f3n partir\u00e1 de la Facultad de Econom\u00eda de la UV, en punto de las 17:30 horas. Y concluir\u00e1 en el Parque Ju\u00e1rez, donde habr\u00e1 un concierto y un tiempo de oraci\u00f3n a partir de las 19:30 horas.<\/p>\n\n\n\n<p>Guillermo Trujillo \u00c1lvarez, presidente de la Red Evang\u00e9lica de Veracruz mencion\u00f3 que, \u201cqueremos hacer un llamado a toda la comunidad cristiana evang\u00e9lica y a toda la sociedad a que vengan. Tenemos que defender a la familia, tenemos que seguir promoviendo los valores, los principios, la fe en Dios\u201d.<\/p>\n\n\n\n<p>\u201cEs importante que no se pierda en estos momentos tan complicados la fe en el se\u00f1or (\u2026) Tambi\u00e9n invitamos a las autoridades para que nos acompa\u00f1en y podamos orar por ellos y por el Estado de Veracruz\u201d, agreg\u00f3.<\/p>\n\n\n\n<p>Los organizadores estiman la participaci\u00f3n de m\u00e1s de 2 mil personas, entre las que aseguraron que hay muchas desanimadas y sin esperanza. Adem\u00e1s de que reiteraron la importancia de reforzar los principios de la familia.<\/p>\n\n\n\n<p>&#8220;Como iglesia evang\u00e9lica estamos a favor de la familia, necesitamos que la familia sea cuidada, protegida&#8221;, indic\u00f3.<\/p>\n\n\n\n<p>Por ello, manifest\u00f3 que se ha convocado a las diferentes asociaciones religiosas en Xalapa para hacer un evento masivo.<\/p>\n\n\n\n<p>Por su parte, la presb\u00edtera Martha Morales coment\u00f3 que se busca fortalecer los valores, &#8220;tenemos que defender a la familia y seguir promoviendo los valores, los principios y la fe en Dios&#8221;.<\/p>\n","protected":false},"excerpt":{"rendered":"<p>Dar\u00edo Pale Xalapa, Ver.- \u00a1S\u00famate a la Gran Marcha por la Familia!, la cual ser\u00e1 este domingo 27 a las 5:30 de la tarde; saldr\u00e1n de la Facultad de Econom\u00eda, as\u00ed lo dio a conocer Arturo S\u00e1nchez Hern\u00e1ndez, superintendente del distrito Veracruz del Concilio Nacional de las Asambleas de Dios. En conferencia de prensa miembros [&hellip;]<\/p>\n","protected":false},"author":2476,"featured_media":59787,"comment_status":"open","ping_status":"open","sticky":false,"template":"","format":"standard","meta":{"_jetpack_memberships_contains_paid_content":false,"footnotes":""},"categories":[3],"tags":[],"class_list":["post-59786","post","type-post","status-publish","format-standard","has-post-thumbnail","hentry","category-xalapa"],"jetpack_featured_media_url":"https:\/\/encuentroinformativo.com.mx\/wp-content\/uploads\/2024\/10\/IMG-20241021-WA0099.jpg","jetpack_sharing_enabled":true,"jetpack_likes_enabled":true,"amp_enabled":true,"_links":{"self":[{"href":"https:\/\/encuentroinformativo.com.mx\/index.php?rest_route=\/wp\/v2\/posts\/59786","targetHints":{"allow":["GET"]}}],"collection":[{"href":"https:\/\/encuentroinformativo.com.mx\/index.php?rest_route=\/wp\/v2\/posts"}],"about":[{"href":"https:\/\/encuentroinformativo.com.mx\/index.php?rest_route=\/wp\/v2\/types\/post"}],"author":[{"embeddable":true,"href":"https:\/\/encuentroinformativo.com.mx\/index.php?rest_route=\/wp\/v2\/users\/2476"}],"replies":[{"embeddable":true,"href":"https:\/\/encuentroinformativo.com.mx\/index.php?rest_route=%2Fwp%2Fv2%2Fcomments&post=59786"}],"version-history":[{"count":1,"href":"https:\/\/encuentroinformativo.com.mx\/index.php?rest_route=\/wp\/v2\/posts\/59786\/revisions"}],"predecessor-version":[{"id":59788,"href":"https:\/\/encuentroinformativo.com.mx\/index.php?rest_route=\/wp\/v2\/posts\/59786\/revisions\/59788"}],"wp:featuredmedia":[{"embeddable":true,"href":"https:\/\/encuentroinformativo.com.mx\/index.php?rest_route=\/wp\/v2\/media\/59787"}],"wp:attachment":[{"href":"https:\/\/encuentroinformativo.com.mx\/index.php?rest_route=%2Fwp%2Fv2%2Fmedia&parent=59786"}],"wp:term":[{"taxonomy":"category","embeddable":true,"href":"https:\/\/encuentroinformativo.com.mx\/index.php?rest_route=%2Fwp%2Fv2%2Fcategories&post=59786"},{"taxonomy":"post_tag","embeddable":true,"href":"https:\/\/encuentroinformativo.com.mx\/index.php?rest_route=%2Fwp%2Fv2%2Ftags&post=59786"}],"curies":[{"name":"wp","href":"https:\/\/api.w.org\/{rel}","templated":true}]}}