{"id":59827,"date":"2024-10-22T13:01:51","date_gmt":"2024-10-22T19:01:51","guid":{"rendered":"https:\/\/encuentroinformativo.com.mx\/?p=59827"},"modified":"2024-10-22T13:01:56","modified_gmt":"2024-10-22T19:01:56","slug":"buscara-snte-obtener-creditos-de-vivienda-para-docentes-estatales","status":"publish","type":"post","link":"https:\/\/encuentroinformativo.com.mx\/?p=59827","title":{"rendered":"Buscar\u00e1 SNTE obtener cr\u00e9ditos de vivienda para docentes estatales"},"content":{"rendered":"\n<p><strong>Dario Pale <\/strong><\/p>\n\n\n\n<p>Xalapa, Ver.- El secretario de la Secci\u00f3n 56 del Sindicato Nacional de los Trabajadores de la Educaci\u00f3n (SNTE), Jos\u00e9 Reveriano Mar\u00edn Hern\u00e1ndez dio a conocer que buscar\u00e1n que durante el pr\u00f3ximo gobierno a cargo de Roc\u00edo Nahle Garc\u00eda se concrete el cr\u00e9dito para viviendas para los docentes estatales.<\/p>\n\n\n\n<p>En entrevista reconoci\u00f3 que se buscan alternativas para que el magisterio del estado cuente con esta prestaci\u00f3n.<\/p>\n\n\n\n<p>&#8220;Se ha promovido la vivienda. Si algo requerimos los trabajadores del estado, pues es vivienda, por eso se buscan alternativas y cuando se present\u00f3 el Seguro del Magisterio como una alternativa, pues se ve bien, el tema es que quiz\u00e1 no se le ha dado la difusi\u00f3n, no s\u00e9 si est\u00e9n caras\u201d, se\u00f1al\u00f3.\u00a0<\/p>\n\n\n\n<p>\u201cNecesitamos revisar de nuevo el proyecto porque s\u00ed es una realidad que se necesita la vivienda para los trabajadores estatales&#8221; dijo este martes luego de una reuni\u00f3n que tuvieron algunos l\u00edderes sindicales con el gobernador en palacio de gobierno en el marco del 80 Aniversario del Seguro Social de los Trabajadores de la Educaci\u00f3n en Veracruz.\u00a0<\/p>\n\n\n\n<p>Descart\u00f3 que se pueda obtener a trav\u00e9s del Instituto de Pensiones del Estado, ya que hay prioridad de que se paguen a tiempo las pensiones estatales.\u00a0<\/p>\n\n\n\n<p>Tambi\u00e9n dio a conocer que en pr\u00f3ximos d\u00edas el gobierno del estado pagar\u00e1 el adeudo pendiente desde gobiernos anteriores correspondiente a 300 millones de pesos.\u00a0<\/p>\n\n\n\n<p>Finalmente se\u00f1al\u00f3 que, &#8220;ten\u00eda un adeudo de gobiernos anteriores, que va del 2010 al 2016 de aproximadamente 300 millones de pesos para pagar el Fondo de Beneficios Complementarios, hoy lo anuncia con nosotros el gobernador y le da instrucciones al secretario de Finanzas para que se pague la pr\u00f3xima semana y con eso se sanea ese adeudo que ten\u00edamos m\u00e1s de 14 a\u00f1os&#8221;.<\/p>\n","protected":false},"excerpt":{"rendered":"<p>Dario Pale Xalapa, Ver.- El secretario de la Secci\u00f3n 56 del Sindicato Nacional de los Trabajadores de la Educaci\u00f3n (SNTE), Jos\u00e9 Reveriano Mar\u00edn Hern\u00e1ndez dio a conocer que buscar\u00e1n que durante el pr\u00f3ximo gobierno a cargo de Roc\u00edo Nahle Garc\u00eda se concrete el cr\u00e9dito para viviendas para los docentes estatales. En entrevista reconoci\u00f3 que se [&hellip;]<\/p>\n","protected":false},"author":2476,"featured_media":59828,"comment_status":"open","ping_status":"open","sticky":false,"template":"","format":"standard","meta":{"_jetpack_memberships_contains_paid_content":false,"footnotes":""},"categories":[2],"tags":[],"class_list":["post-59827","post","type-post","status-publish","format-standard","has-post-thumbnail","hentry","category-estado"],"jetpack_featured_media_url":"https:\/\/encuentroinformativo.com.mx\/wp-content\/uploads\/2024\/10\/IMG-20241022-WA0033.jpg","jetpack_sharing_enabled":true,"jetpack_likes_enabled":true,"amp_enabled":true,"_links":{"self":[{"href":"https:\/\/encuentroinformativo.com.mx\/index.php?rest_route=\/wp\/v2\/posts\/59827","targetHints":{"allow":["GET"]}}],"collection":[{"href":"https:\/\/encuentroinformativo.com.mx\/index.php?rest_route=\/wp\/v2\/posts"}],"about":[{"href":"https:\/\/encuentroinformativo.com.mx\/index.php?rest_route=\/wp\/v2\/types\/post"}],"author":[{"embeddable":true,"href":"https:\/\/encuentroinformativo.com.mx\/index.php?rest_route=\/wp\/v2\/users\/2476"}],"replies":[{"embeddable":true,"href":"https:\/\/encuentroinformativo.com.mx\/index.php?rest_route=%2Fwp%2Fv2%2Fcomments&post=59827"}],"version-history":[{"count":1,"href":"https:\/\/encuentroinformativo.com.mx\/index.php?rest_route=\/wp\/v2\/posts\/59827\/revisions"}],"predecessor-version":[{"id":59829,"href":"https:\/\/encuentroinformativo.com.mx\/index.php?rest_route=\/wp\/v2\/posts\/59827\/revisions\/59829"}],"wp:featuredmedia":[{"embeddable":true,"href":"https:\/\/encuentroinformativo.com.mx\/index.php?rest_route=\/wp\/v2\/media\/59828"}],"wp:attachment":[{"href":"https:\/\/encuentroinformativo.com.mx\/index.php?rest_route=%2Fwp%2Fv2%2Fmedia&parent=59827"}],"wp:term":[{"taxonomy":"category","embeddable":true,"href":"https:\/\/encuentroinformativo.com.mx\/index.php?rest_route=%2Fwp%2Fv2%2Fcategories&post=59827"},{"taxonomy":"post_tag","embeddable":true,"href":"https:\/\/encuentroinformativo.com.mx\/index.php?rest_route=%2Fwp%2Fv2%2Ftags&post=59827"}],"curies":[{"name":"wp","href":"https:\/\/api.w.org\/{rel}","templated":true}]}}