{"id":59836,"date":"2024-10-22T14:18:53","date_gmt":"2024-10-22T20:18:53","guid":{"rendered":"https:\/\/encuentroinformativo.com.mx\/?p=59836"},"modified":"2024-10-22T14:18:59","modified_gmt":"2024-10-22T20:18:59","slug":"cultivos-de-citricos-afectados-por-lluvias-en-misantla","status":"publish","type":"post","link":"https:\/\/encuentroinformativo.com.mx\/?p=59836","title":{"rendered":"Cultivos de c\u00edtricos afectados por lluvias en Misantla"},"content":{"rendered":"\n<p><strong>Dar\u00edo Pale <\/strong><\/p>\n\n\n\n<p>Xalapa, Ver.- Lluvias afectaron cultivos de c\u00edtricos en Misantla, y rechaz\u00f3 que su hija quiera ser la pr\u00f3xima alcaldesa, adem\u00e1s de que algunos polic\u00edas de Misantla en proceso de acreditaci\u00f3n, los cr\u00edmenes por delitos relacionados con drogas, en manos de la Fiscal\u00eda, as\u00ed lo dio a conocer el alcalde Javier Hern\u00e1ndez Candanedo.<\/p>\n\n\n\n<p>En entrevista se\u00f1al\u00f3 que, tras el paso de la tormenta tropical <em>Nadine<\/em>, el municipio de Misantla sufri\u00f3 diversas afectaciones a cultivos de c\u00edtricos, principalmente, inform\u00f3 que siempre que llueve son las comunidades de la parte baja las que sufren da\u00f1os.<\/p>\n\n\n\n<p>Detall\u00f3 que comunidades como Troncones La Reforma, La Defensa, resienten los efectos de las precipitaciones pluviales, por lo que ya est\u00e1n levantando el censo de da\u00f1os, resalt\u00f3 que personal de la Secretar\u00eda de Protecci\u00f3n Civil est\u00e1 haciendo recorridos en las localidades.<\/p>\n\n\n\n<p>En el caso de las carreteras, inform\u00f3 que hubo el derrumbe de una piedra, a la altura de lo que se le conoce como la Z, por lo que se debe circular con precauci\u00f3n.<\/p>\n\n\n\n<p>El edil reconoci\u00f3 que cada vez que llueve la carretera se ve afectada, pero hasta este momento no hay nada que lamentar, &#8220;algunas afectaciones en comunidades en la parte baja de Misantla, pero que ya se est\u00e1n atendiendo&#8221;.<\/p>\n\n\n\n<p>En otro orden de ideas, luego de que <em>bajaran<\/em> a su hija, Marlen Hern\u00e1ndez Castillo, de la candidatura a la diputaci\u00f3n, dijo que no se cuidaron las formas, pero seguir\u00e1n apoyando a Morena.<\/p>\n\n\n\n<p>A pesar de ello, est\u00e1 seguro que ser\u00e1 de gran apoyo a la gobernadora Roc\u00edo Nahle Garc\u00eda, afirm\u00f3 que no estar\u00e1 buscando ser candidata a la alcald\u00eda de Misantla, ya que lo que los motiva es servir al pueblo.<\/p>\n\n\n\n<p>En materia de seguridad, mencion\u00f3 que ante la ola de cr\u00edmenes en el municipio de Misantla y el avance en las investigaciones, se\u00f1al\u00f3 que eso le compete a las autoridades de la Fiscal\u00eda General del Estado.<\/p>\n\n\n\n<p>Acerca de si los asesinatos que se registran estar\u00edan relacionados con la venta de drogas, el edil indic\u00f3 que la respuesta podr\u00edan darla las autoridades correspondientes.\u00a0<\/p>\n\n\n\n<p>&#8220;Es la Fiscal\u00eda General del Estado la que tiene estos datos y no solo es Perote o Misantla, no es consuelo, es buscar un esfuerzo mutuo y compartido en las Mesas para la Construcci\u00f3n de la Paz, para que los misantecos podamos hacer nuestras actividades sin temor a que algo nos pudiera pasar&#8221;, coment\u00f3.<\/p>\n\n\n\n<p>No obstante, consider\u00f3 que la inseguridad no es un tema exclusivo del municipio que gobierna, sino que afecta a todos en general.<\/p>\n\n\n\n<p>Por ello, indic\u00f3 que se hace un esfuerzo para atender los delitos que se registran de manera conjunta entre los tres \u00f3rdenes de gobierno, &#8220;en reforzar las acciones, en reforzar los programas y la seguridad&#8221;.<\/p>\n\n\n\n<p>Con relaci\u00f3n a los polic\u00edas municipales, acot\u00f3 que cuentan con 40 elementos y reconoci\u00f3 que algunos faltan por acreditar los ex\u00e1menes de control y confianza, pero que se encuentran en proceso.\u00a0<\/p>\n\n\n\n<p>Finalmente el alcalde misanteco manifest\u00f3 que tambi\u00e9n se busca rescatar los valores y el tejido social, &#8220;hemos buscado que los espacios p\u00fablicos est\u00e9n dignos&#8221;.<\/p>\n","protected":false},"excerpt":{"rendered":"<p>Dar\u00edo Pale Xalapa, Ver.- Lluvias afectaron cultivos de c\u00edtricos en Misantla, y rechaz\u00f3 que su hija quiera ser la pr\u00f3xima alcaldesa, adem\u00e1s de que algunos polic\u00edas de Misantla en proceso de acreditaci\u00f3n, los cr\u00edmenes por delitos relacionados con drogas, en manos de la Fiscal\u00eda, as\u00ed lo dio a conocer el alcalde Javier Hern\u00e1ndez Candanedo. En [&hellip;]<\/p>\n","protected":false},"author":2476,"featured_media":59837,"comment_status":"open","ping_status":"open","sticky":false,"template":"","format":"standard","meta":{"_jetpack_memberships_contains_paid_content":false,"footnotes":""},"categories":[8],"tags":[],"class_list":["post-59836","post","type-post","status-publish","format-standard","has-post-thumbnail","hentry","category-region"],"jetpack_featured_media_url":"https:\/\/encuentroinformativo.com.mx\/wp-content\/uploads\/2024\/10\/IMG-20241022-WA0073.jpg","jetpack_sharing_enabled":true,"jetpack_likes_enabled":true,"amp_enabled":true,"_links":{"self":[{"href":"https:\/\/encuentroinformativo.com.mx\/index.php?rest_route=\/wp\/v2\/posts\/59836","targetHints":{"allow":["GET"]}}],"collection":[{"href":"https:\/\/encuentroinformativo.com.mx\/index.php?rest_route=\/wp\/v2\/posts"}],"about":[{"href":"https:\/\/encuentroinformativo.com.mx\/index.php?rest_route=\/wp\/v2\/types\/post"}],"author":[{"embeddable":true,"href":"https:\/\/encuentroinformativo.com.mx\/index.php?rest_route=\/wp\/v2\/users\/2476"}],"replies":[{"embeddable":true,"href":"https:\/\/encuentroinformativo.com.mx\/index.php?rest_route=%2Fwp%2Fv2%2Fcomments&post=59836"}],"version-history":[{"count":1,"href":"https:\/\/encuentroinformativo.com.mx\/index.php?rest_route=\/wp\/v2\/posts\/59836\/revisions"}],"predecessor-version":[{"id":59838,"href":"https:\/\/encuentroinformativo.com.mx\/index.php?rest_route=\/wp\/v2\/posts\/59836\/revisions\/59838"}],"wp:featuredmedia":[{"embeddable":true,"href":"https:\/\/encuentroinformativo.com.mx\/index.php?rest_route=\/wp\/v2\/media\/59837"}],"wp:attachment":[{"href":"https:\/\/encuentroinformativo.com.mx\/index.php?rest_route=%2Fwp%2Fv2%2Fmedia&parent=59836"}],"wp:term":[{"taxonomy":"category","embeddable":true,"href":"https:\/\/encuentroinformativo.com.mx\/index.php?rest_route=%2Fwp%2Fv2%2Fcategories&post=59836"},{"taxonomy":"post_tag","embeddable":true,"href":"https:\/\/encuentroinformativo.com.mx\/index.php?rest_route=%2Fwp%2Fv2%2Ftags&post=59836"}],"curies":[{"name":"wp","href":"https:\/\/api.w.org\/{rel}","templated":true}]}}