{"id":59839,"date":"2024-10-22T14:25:58","date_gmt":"2024-10-22T20:25:58","guid":{"rendered":"https:\/\/encuentroinformativo.com.mx\/?p=59839"},"modified":"2024-10-22T14:32:16","modified_gmt":"2024-10-22T20:32:16","slug":"localizan-cuerpo-flotando-en-laguna-la-ilusion-de-veracruz-puerto","status":"publish","type":"post","link":"https:\/\/encuentroinformativo.com.mx\/?p=59839","title":{"rendered":"Localizan cuerpo flotando en laguna &#8220;La Ilusi\u00f3n&#8221; de Veracruz puerto"},"content":{"rendered":"\n<p><strong>Alejandro \u00c1vila<\/strong><\/p>\n\n\n\n<p><strong>Fotos:<\/strong> Sergio Aldazaba\/Cortes\u00eda <\/p>\n\n\n\n<p>Veracruz, Ver.- La ma\u00f1ana de este martes tras las lluvias que se registraron durante el primer d\u00eda de la semana, vecinos alertaron sobre un cuerpo sin vida que se encontraba flotando en la laguna &#8220;La Ilusi\u00f3n&#8221;.<\/p>\n\n\n\n<p>Este cuerpo de agua que se ubica en la colonia Lagos del municipio de Veracruz pertenece al Sistema Lagunar Interdunario; tras el avistamiento del cuerpo vecinos dieron aviso al n\u00famero de emergencia 911 y elementos del Heroico Cuerpo de Bomberos de Veracruz lleg\u00f3 al sitio para sacar a la v\u00edctima.<\/p>\n\n\n\n<p>Hasta el momento la persona fallecida no ha sido identificada; sin embargo, la Fiscal\u00eda General del Estado tom\u00f3 conocimiento de los hechos para el inicio de las diligencias correspondientes.<\/p>\n\n\n\n<p>Las inmediaciones a la laguna ubicada en la colonia Lagos fue acordonada por elementos de Secretar\u00eda de la Defensa Nacional y Polic\u00eda Estatal.<\/p>\n\n\n\n<p>Al momento de sacar el cuerpo del agua se not\u00f3 que el sujeto vest\u00eda camisa azul y pantal\u00f3n de vestir color caqui; al tiempo que se desconoce si la persona cay\u00f3 accidentalmente dentro del cuerpo de agua debido a las intensas lluvias.<\/p>\n\n\n\n<figure class=\"wp-block-image size-large\"><img loading=\"lazy\" decoding=\"async\" width=\"1024\" height=\"768\" src=\"https:\/\/encuentroinformativo.com.mx\/wp-content\/uploads\/2024\/10\/1000409998-1024x768.jpg\" alt=\"\" class=\"wp-image-59842\" srcset=\"https:\/\/encuentroinformativo.com.mx\/wp-content\/uploads\/2024\/10\/1000409998-1024x768.jpg 1024w, https:\/\/encuentroinformativo.com.mx\/wp-content\/uploads\/2024\/10\/1000409998-300x225.jpg 300w, https:\/\/encuentroinformativo.com.mx\/wp-content\/uploads\/2024\/10\/1000409998-768x576.jpg 768w, https:\/\/encuentroinformativo.com.mx\/wp-content\/uploads\/2024\/10\/1000409998-1536x1152.jpg 1536w, https:\/\/encuentroinformativo.com.mx\/wp-content\/uploads\/2024\/10\/1000409998.jpg 1600w\" sizes=\"auto, (max-width: 1024px) 100vw, 1024px\" \/><\/figure>\n","protected":false},"excerpt":{"rendered":"<p>Alejandro \u00c1vila Fotos: Sergio Aldazaba\/Cortes\u00eda Veracruz, Ver.- La ma\u00f1ana de este martes tras las lluvias que se registraron durante el primer d\u00eda de la semana, vecinos alertaron sobre un cuerpo sin vida que se encontraba flotando en la laguna &#8220;La Ilusi\u00f3n&#8221;. Este cuerpo de agua que se ubica en la colonia Lagos del municipio de [&hellip;]<\/p>\n","protected":false},"author":2476,"featured_media":59840,"comment_status":"open","ping_status":"open","sticky":false,"template":"","format":"standard","meta":{"_jetpack_memberships_contains_paid_content":false,"footnotes":""},"categories":[2],"tags":[],"class_list":["post-59839","post","type-post","status-publish","format-standard","has-post-thumbnail","hentry","category-estado"],"jetpack_featured_media_url":"https:\/\/encuentroinformativo.com.mx\/wp-content\/uploads\/2024\/10\/IMG-20241022-WA0087.jpg","jetpack_sharing_enabled":true,"jetpack_likes_enabled":true,"amp_enabled":true,"_links":{"self":[{"href":"https:\/\/encuentroinformativo.com.mx\/index.php?rest_route=\/wp\/v2\/posts\/59839","targetHints":{"allow":["GET"]}}],"collection":[{"href":"https:\/\/encuentroinformativo.com.mx\/index.php?rest_route=\/wp\/v2\/posts"}],"about":[{"href":"https:\/\/encuentroinformativo.com.mx\/index.php?rest_route=\/wp\/v2\/types\/post"}],"author":[{"embeddable":true,"href":"https:\/\/encuentroinformativo.com.mx\/index.php?rest_route=\/wp\/v2\/users\/2476"}],"replies":[{"embeddable":true,"href":"https:\/\/encuentroinformativo.com.mx\/index.php?rest_route=%2Fwp%2Fv2%2Fcomments&post=59839"}],"version-history":[{"count":2,"href":"https:\/\/encuentroinformativo.com.mx\/index.php?rest_route=\/wp\/v2\/posts\/59839\/revisions"}],"predecessor-version":[{"id":59843,"href":"https:\/\/encuentroinformativo.com.mx\/index.php?rest_route=\/wp\/v2\/posts\/59839\/revisions\/59843"}],"wp:featuredmedia":[{"embeddable":true,"href":"https:\/\/encuentroinformativo.com.mx\/index.php?rest_route=\/wp\/v2\/media\/59840"}],"wp:attachment":[{"href":"https:\/\/encuentroinformativo.com.mx\/index.php?rest_route=%2Fwp%2Fv2%2Fmedia&parent=59839"}],"wp:term":[{"taxonomy":"category","embeddable":true,"href":"https:\/\/encuentroinformativo.com.mx\/index.php?rest_route=%2Fwp%2Fv2%2Fcategories&post=59839"},{"taxonomy":"post_tag","embeddable":true,"href":"https:\/\/encuentroinformativo.com.mx\/index.php?rest_route=%2Fwp%2Fv2%2Ftags&post=59839"}],"curies":[{"name":"wp","href":"https:\/\/api.w.org\/{rel}","templated":true}]}}