{"id":59850,"date":"2024-10-22T14:53:15","date_gmt":"2024-10-22T20:53:15","guid":{"rendered":"https:\/\/encuentroinformativo.com.mx\/?p=59850"},"modified":"2024-10-22T14:53:21","modified_gmt":"2024-10-22T20:53:21","slug":"demandara-contu-mejores-salarios-para-trabajadores-universitarios","status":"publish","type":"post","link":"https:\/\/encuentroinformativo.com.mx\/?p=59850","title":{"rendered":"Demandar\u00e1 CONTU mejores salarios para trabajadores universitarios"},"content":{"rendered":"\n<p><strong>Dar\u00edo Pale <\/strong><\/p>\n\n\n\n<p>Xalapa, Ver.- Prepara CONTU estrategia para la defensa y lucha de mejores salarios para trabajadores universitarios, as\u00ed lo dio a conocer el secretario general del Sindicato Estatal del Personal Acad\u00e9mico de la Universidad Veracruzana (Fesapauv), Enrique Levet Gorozpe.<\/p>\n\n\n\n<p>En entrevista adelant\u00f3 que ya preparan, junto con los sindicatos universitarios del pa\u00eds, la estrategia para la defensa del presupuesto para el pr\u00f3ximo a\u00f1o, por lo que mencion\u00f3 que el pr\u00f3ximo 15 de noviembre habr\u00e1 de celebrarse la pr\u00f3xima asamblea de la Confederaci\u00f3n Nacional de Trabajadores Universitarios (CONTU), en el puerto de Veracruz.<\/p>\n\n\n\n<p>&#8220;Nos toca rendir el informe de actividades y vienen los secretarios generales de los distintos sindicatos de las universidades p\u00fablicas del Pa\u00eds, es un evento muy interesante, porque vamos a ir preparando las acciones para la defensa del presupuesto para las universidades p\u00fablicas del pa\u00eds&#8221;, se\u00f1al\u00f3.<\/p>\n\n\n\n<p>Levet Gorozpe manifest\u00f3 que el plan de lucha que habr\u00e1n de delinear es con el objetivo de mejorar los salarios de los trabajadores universitarios.<\/p>\n\n\n\n<p>A\u00f1adi\u00f3 que adem\u00e1s habr\u00e1n de reunirse con los nuevos diputados federales que integren las distintas comisiones legislativas relacionadas con la educaci\u00f3n superior, de presupuesto, entre otras.<\/p>\n\n\n\n<p>Finalmente el l\u00edder sindical enfatiz\u00f3 que ahora la nueva encargada de la subsecretar\u00eda de Educaci\u00f3n Superior del pa\u00eds, sea la doctora Carmen Enedina Rodr\u00edguez Armenta, quien durante seis a\u00f1os se desempe\u00f1\u00f3 directora general de Educaci\u00f3n Superior.<\/p>\n","protected":false},"excerpt":{"rendered":"<p>Dar\u00edo Pale Xalapa, Ver.- Prepara CONTU estrategia para la defensa y lucha de mejores salarios para trabajadores universitarios, as\u00ed lo dio a conocer el secretario general del Sindicato Estatal del Personal Acad\u00e9mico de la Universidad Veracruzana (Fesapauv), Enrique Levet Gorozpe. En entrevista adelant\u00f3 que ya preparan, junto con los sindicatos universitarios del pa\u00eds, la estrategia [&hellip;]<\/p>\n","protected":false},"author":2476,"featured_media":59851,"comment_status":"open","ping_status":"open","sticky":false,"template":"","format":"standard","meta":{"_jetpack_memberships_contains_paid_content":false,"footnotes":""},"categories":[2],"tags":[],"class_list":["post-59850","post","type-post","status-publish","format-standard","has-post-thumbnail","hentry","category-estado"],"jetpack_featured_media_url":"https:\/\/encuentroinformativo.com.mx\/wp-content\/uploads\/2024\/10\/IMG-20241022-WA0065.jpg","jetpack_sharing_enabled":true,"jetpack_likes_enabled":true,"amp_enabled":true,"_links":{"self":[{"href":"https:\/\/encuentroinformativo.com.mx\/index.php?rest_route=\/wp\/v2\/posts\/59850","targetHints":{"allow":["GET"]}}],"collection":[{"href":"https:\/\/encuentroinformativo.com.mx\/index.php?rest_route=\/wp\/v2\/posts"}],"about":[{"href":"https:\/\/encuentroinformativo.com.mx\/index.php?rest_route=\/wp\/v2\/types\/post"}],"author":[{"embeddable":true,"href":"https:\/\/encuentroinformativo.com.mx\/index.php?rest_route=\/wp\/v2\/users\/2476"}],"replies":[{"embeddable":true,"href":"https:\/\/encuentroinformativo.com.mx\/index.php?rest_route=%2Fwp%2Fv2%2Fcomments&post=59850"}],"version-history":[{"count":1,"href":"https:\/\/encuentroinformativo.com.mx\/index.php?rest_route=\/wp\/v2\/posts\/59850\/revisions"}],"predecessor-version":[{"id":59852,"href":"https:\/\/encuentroinformativo.com.mx\/index.php?rest_route=\/wp\/v2\/posts\/59850\/revisions\/59852"}],"wp:featuredmedia":[{"embeddable":true,"href":"https:\/\/encuentroinformativo.com.mx\/index.php?rest_route=\/wp\/v2\/media\/59851"}],"wp:attachment":[{"href":"https:\/\/encuentroinformativo.com.mx\/index.php?rest_route=%2Fwp%2Fv2%2Fmedia&parent=59850"}],"wp:term":[{"taxonomy":"category","embeddable":true,"href":"https:\/\/encuentroinformativo.com.mx\/index.php?rest_route=%2Fwp%2Fv2%2Fcategories&post=59850"},{"taxonomy":"post_tag","embeddable":true,"href":"https:\/\/encuentroinformativo.com.mx\/index.php?rest_route=%2Fwp%2Fv2%2Ftags&post=59850"}],"curies":[{"name":"wp","href":"https:\/\/api.w.org\/{rel}","templated":true}]}}