{"id":59862,"date":"2024-10-22T22:02:04","date_gmt":"2024-10-23T04:02:04","guid":{"rendered":"https:\/\/encuentroinformativo.com.mx\/?p=59862"},"modified":"2024-10-22T22:02:09","modified_gmt":"2024-10-23T04:02:09","slug":"ofrece-osx-concierto-de-aniversario-en-palacio-municipal","status":"publish","type":"post","link":"https:\/\/encuentroinformativo.com.mx\/?p=59862","title":{"rendered":"Ofrece OSX concierto de aniversario en Palacio Municipal"},"content":{"rendered":"\n<p>Xalapa, Ver.- Autoridades municipales encabezadas por el alcalde Ricardo Ahued Bardahuil asistieron al concierto que ofreci\u00f3 la Orquesta Sinf\u00f3nica de Xalapa (OSX) en el patio central de Palacio Municipal para celebrar el 80 aniversario de la Universidad Veracruzana (UV) y el 95 aniversario de esta emblem\u00e1tica agrupaci\u00f3n.<\/p>\n\n\n\n<p>Bajo la direcci\u00f3n de Martin Lebel, la OSX interpret\u00f3 un programa que incluy\u00f3: \u201cObertura Carnaval\u201d, de Dvo\u0159\u00e1k; \u201cEl aprendiz de brujo\u201d, Dukas; \u201cL\u2019arl\u00e9sienne\u201d (fragmentos), Bizet; \u201cMosaico mexicano\u201d, Rodr\u00edguez; \u201cSinfon\u00eda No. 36, Linz\u201d, Mozart; \u201cDanz\u00f3n No. 2\u201d, M\u00e1rquez, y el \u201cHuapango\u201d de Moncayo.<\/p>\n\n\n\n<figure class=\"wp-block-image size-large\"><img loading=\"lazy\" decoding=\"async\" width=\"1024\" height=\"682\" src=\"https:\/\/encuentroinformativo.com.mx\/wp-content\/uploads\/2024\/10\/1000410187-1024x682.jpg\" alt=\"\" class=\"wp-image-59864\" srcset=\"https:\/\/encuentroinformativo.com.mx\/wp-content\/uploads\/2024\/10\/1000410187-1024x682.jpg 1024w, https:\/\/encuentroinformativo.com.mx\/wp-content\/uploads\/2024\/10\/1000410187-300x200.jpg 300w, https:\/\/encuentroinformativo.com.mx\/wp-content\/uploads\/2024\/10\/1000410187-768x512.jpg 768w, https:\/\/encuentroinformativo.com.mx\/wp-content\/uploads\/2024\/10\/1000410187-1536x1024.jpg 1536w, https:\/\/encuentroinformativo.com.mx\/wp-content\/uploads\/2024\/10\/1000410187-2048x1365.jpg 2048w\" sizes=\"auto, (max-width: 1024px) 100vw, 1024px\" \/><\/figure>\n","protected":false},"excerpt":{"rendered":"<p>Xalapa, Ver.- Autoridades municipales encabezadas por el alcalde Ricardo Ahued Bardahuil asistieron al concierto que ofreci\u00f3 la Orquesta Sinf\u00f3nica de Xalapa (OSX) en el patio central de Palacio Municipal para celebrar el 80 aniversario de la Universidad Veracruzana (UV) y el 95 aniversario de esta emblem\u00e1tica agrupaci\u00f3n. Bajo la direcci\u00f3n de Martin Lebel, la OSX [&hellip;]<\/p>\n","protected":false},"author":2476,"featured_media":59863,"comment_status":"open","ping_status":"open","sticky":false,"template":"","format":"standard","meta":{"_jetpack_memberships_contains_paid_content":false,"footnotes":""},"categories":[3],"tags":[],"class_list":["post-59862","post","type-post","status-publish","format-standard","has-post-thumbnail","hentry","category-xalapa"],"jetpack_featured_media_url":"https:\/\/encuentroinformativo.com.mx\/wp-content\/uploads\/2024\/10\/IMG-20241022-WA0126.jpg","jetpack_sharing_enabled":true,"jetpack_likes_enabled":true,"amp_enabled":true,"_links":{"self":[{"href":"https:\/\/encuentroinformativo.com.mx\/index.php?rest_route=\/wp\/v2\/posts\/59862","targetHints":{"allow":["GET"]}}],"collection":[{"href":"https:\/\/encuentroinformativo.com.mx\/index.php?rest_route=\/wp\/v2\/posts"}],"about":[{"href":"https:\/\/encuentroinformativo.com.mx\/index.php?rest_route=\/wp\/v2\/types\/post"}],"author":[{"embeddable":true,"href":"https:\/\/encuentroinformativo.com.mx\/index.php?rest_route=\/wp\/v2\/users\/2476"}],"replies":[{"embeddable":true,"href":"https:\/\/encuentroinformativo.com.mx\/index.php?rest_route=%2Fwp%2Fv2%2Fcomments&post=59862"}],"version-history":[{"count":1,"href":"https:\/\/encuentroinformativo.com.mx\/index.php?rest_route=\/wp\/v2\/posts\/59862\/revisions"}],"predecessor-version":[{"id":59865,"href":"https:\/\/encuentroinformativo.com.mx\/index.php?rest_route=\/wp\/v2\/posts\/59862\/revisions\/59865"}],"wp:featuredmedia":[{"embeddable":true,"href":"https:\/\/encuentroinformativo.com.mx\/index.php?rest_route=\/wp\/v2\/media\/59863"}],"wp:attachment":[{"href":"https:\/\/encuentroinformativo.com.mx\/index.php?rest_route=%2Fwp%2Fv2%2Fmedia&parent=59862"}],"wp:term":[{"taxonomy":"category","embeddable":true,"href":"https:\/\/encuentroinformativo.com.mx\/index.php?rest_route=%2Fwp%2Fv2%2Fcategories&post=59862"},{"taxonomy":"post_tag","embeddable":true,"href":"https:\/\/encuentroinformativo.com.mx\/index.php?rest_route=%2Fwp%2Fv2%2Ftags&post=59862"}],"curies":[{"name":"wp","href":"https:\/\/api.w.org\/{rel}","templated":true}]}}