{"id":59872,"date":"2024-10-23T11:30:09","date_gmt":"2024-10-23T17:30:09","guid":{"rendered":"https:\/\/encuentroinformativo.com.mx\/?p=59872"},"modified":"2024-10-23T11:30:16","modified_gmt":"2024-10-23T17:30:16","slug":"presentan-tercera-edicion-de-la-feria-del-tamal-pan-y-chocolate","status":"publish","type":"post","link":"https:\/\/encuentroinformativo.com.mx\/?p=59872","title":{"rendered":"Presentan Tercera edici\u00f3n de la Feria del Tamal, Pan y Chocolate"},"content":{"rendered":"\n<p><strong>Dar\u00edo Pale <\/strong><\/p>\n\n\n\n<p>Xalapa, Ver.- Dan a conocer la tercera edici\u00f3n de la \u201cFeria del Tamal, Pan y Chocolate\u201d de Xalapa, la cual se realizar\u00e1 del 1 al 3 de noviembre, as\u00ed lo dieron a conocer autoridades municipales.<\/p>\n\n\n\n<p id=\"m_-7879059179819016338docs-internal-guid-d9c43750-7fff-20bf-13e3-c97961c1f3be\">En conferencia de prensa informaron que las actividades tendr\u00e1n lugar en el Parque Ju\u00e1rez, en horario de 10:00 a 20:00 horas. Y contar\u00e1 con la participaci\u00f3n de 70 expositores de Xalapa y la regi\u00f3n.<\/p>\n\n\n\n<p id=\"m_-7879059179819016338docs-internal-guid-d9c43750-7fff-20bf-13e3-c97961c1f3be\">En uso de la voz el Regidor Quinto del Ayuntamiento de Xalapa Diego David Florescano P\u00e9rez dijo que, &#8220;el principal objetivo es ayudar a los emprendedores gastron\u00f3micos a qu\u00e9 sigan presentes, a que sigan vigentes en la gastronom\u00eda xalape\u00f1a y de la regi\u00f3n&#8221;.<\/p>\n\n\n\n<p id=\"m_-7879059179819016338docs-internal-guid-d9c43750-7fff-20bf-13e3-c97961c1f3be\">Promotora parte Josu\u00e9 V\u00e1zquez Gonz\u00e1lez, director de Turismo de la capital del estado se\u00f1al\u00f3 que, &#8220;somos la \u00fanica capital que tiene diferentes festivales exclusivos del arte culinario que desarrollan a lo largo del a\u00f1o. Y este festival se suma a la oferta inmensa e interminable que actualmente est\u00e1 en Xalapa&#8221;.<\/p>\n\n\n\n<p id=\"m_-7879059179819016338docs-internal-guid-d9c43750-7fff-20bf-13e3-c97961c1f3be\">Tambi\u00e9n se realizar\u00e1 un concurso de pan de muerto, un concurso de catrinas y una procesi\u00f3n de catrinas alusiva a la celebraci\u00f3n de Todos Santos y D\u00eda de Muertos.&nbsp;<\/p>\n\n\n\n<p id=\"m_-7879059179819016338docs-internal-guid-d9c43750-7fff-20bf-13e3-c97961c1f3be\">Finalmente comentaron que comparado con las ediciones anteriores, los organizadores estimaron una derrama econ\u00f3mica de aproximadamente 10 millones de pesos, propiciada por la asistencia de al menos cien mil visitantes.<\/p>\n","protected":false},"excerpt":{"rendered":"<p>Dar\u00edo Pale Xalapa, Ver.- Dan a conocer la tercera edici\u00f3n de la \u201cFeria del Tamal, Pan y Chocolate\u201d de Xalapa, la cual se realizar\u00e1 del 1 al 3 de noviembre, as\u00ed lo dieron a conocer autoridades municipales. En conferencia de prensa informaron que las actividades tendr\u00e1n lugar en el Parque Ju\u00e1rez, en horario de 10:00 [&hellip;]<\/p>\n","protected":false},"author":2476,"featured_media":59873,"comment_status":"open","ping_status":"open","sticky":false,"template":"","format":"standard","meta":{"_jetpack_memberships_contains_paid_content":false,"footnotes":""},"categories":[3],"tags":[],"class_list":["post-59872","post","type-post","status-publish","format-standard","has-post-thumbnail","hentry","category-xalapa"],"jetpack_featured_media_url":"https:\/\/encuentroinformativo.com.mx\/wp-content\/uploads\/2024\/10\/IMG-20241023-WA0018.jpg","jetpack_sharing_enabled":true,"jetpack_likes_enabled":true,"amp_enabled":true,"_links":{"self":[{"href":"https:\/\/encuentroinformativo.com.mx\/index.php?rest_route=\/wp\/v2\/posts\/59872","targetHints":{"allow":["GET"]}}],"collection":[{"href":"https:\/\/encuentroinformativo.com.mx\/index.php?rest_route=\/wp\/v2\/posts"}],"about":[{"href":"https:\/\/encuentroinformativo.com.mx\/index.php?rest_route=\/wp\/v2\/types\/post"}],"author":[{"embeddable":true,"href":"https:\/\/encuentroinformativo.com.mx\/index.php?rest_route=\/wp\/v2\/users\/2476"}],"replies":[{"embeddable":true,"href":"https:\/\/encuentroinformativo.com.mx\/index.php?rest_route=%2Fwp%2Fv2%2Fcomments&post=59872"}],"version-history":[{"count":2,"href":"https:\/\/encuentroinformativo.com.mx\/index.php?rest_route=\/wp\/v2\/posts\/59872\/revisions"}],"predecessor-version":[{"id":59875,"href":"https:\/\/encuentroinformativo.com.mx\/index.php?rest_route=\/wp\/v2\/posts\/59872\/revisions\/59875"}],"wp:featuredmedia":[{"embeddable":true,"href":"https:\/\/encuentroinformativo.com.mx\/index.php?rest_route=\/wp\/v2\/media\/59873"}],"wp:attachment":[{"href":"https:\/\/encuentroinformativo.com.mx\/index.php?rest_route=%2Fwp%2Fv2%2Fmedia&parent=59872"}],"wp:term":[{"taxonomy":"category","embeddable":true,"href":"https:\/\/encuentroinformativo.com.mx\/index.php?rest_route=%2Fwp%2Fv2%2Fcategories&post=59872"},{"taxonomy":"post_tag","embeddable":true,"href":"https:\/\/encuentroinformativo.com.mx\/index.php?rest_route=%2Fwp%2Fv2%2Ftags&post=59872"}],"curies":[{"name":"wp","href":"https:\/\/api.w.org\/{rel}","templated":true}]}}