{"id":59876,"date":"2024-10-23T11:39:49","date_gmt":"2024-10-23T17:39:49","guid":{"rendered":"https:\/\/encuentroinformativo.com.mx\/?p=59876"},"modified":"2024-10-23T11:39:54","modified_gmt":"2024-10-23T17:39:54","slug":"caida-de-plafon-en-torre-pediatrica-no-dejo-heridos-sesver","status":"publish","type":"post","link":"https:\/\/encuentroinformativo.com.mx\/?p=59876","title":{"rendered":"Ca\u00edda de plaf\u00f3n en Torre Pedi\u00e1trica no dej\u00f3 heridos: Sesver"},"content":{"rendered":"\n<p><strong>Dar\u00edo Pale<\/strong><\/p>\n\n\n\n<p>Xalapa, Ver.- Ca\u00edda de plaf\u00f3n de Torre Pedi\u00e1trica por filtraciones de agua, hab\u00eda seis ni\u00f1os que fueron cambiados al piso de abajo, as\u00ed lo dio a conocer la titular\u00a0 de la Secretar\u00eda de Salud de Veracruz, Guadalupe D\u00edaz del Castillo.<\/p>\n\n\n\n<p>En entrevista rechaz\u00f3 que la ca\u00edda del plaf\u00f3n en la Torre Pedi\u00e1trica este martes sea por una mala calidad de la infraestructura hospitalaria, pero revel\u00f3 que lo que s\u00ed hay son filtraciones.<\/p>\n\n\n\n<p>&#8220;Tuvimos algunas peque\u00f1as filtraciones, uno de estos casos fue el que sucedi\u00f3 en el Hospital de Alta Especialidad de Veracruz, que hubo un desprendimiento de plaf\u00f3n&#8221;, se\u00f1al\u00f3.<\/p>\n\n\n\n<p>Asegur\u00f3 que ning\u00fan paciente sufri\u00f3 alg\u00fan da\u00f1o, adem\u00e1s de que se atendi\u00f3 de manera inmediata.<\/p>\n\n\n\n<p>Explic\u00f3 que estaban revisando el aire acondicionado en la Torre, lo que implic\u00f3 abrir tuber\u00edas y ductos, de manera que con las lluvias se agrav\u00f3 la situaci\u00f3n.<\/p>\n\n\n\n<p>&#8220;Se filtr\u00f3 por las escaleras, digamos por los ductos naturales, porque el edificio tiene 9 pisos y el da\u00f1o fue en el sexto piso, era un tema que se estaba atendiendo una cuesti\u00f3n de infraestructura y se desprendi\u00f3 el plaf\u00f3n&#8221;, coment\u00f3.<\/p>\n\n\n\n<p>Dio a conocer que los seis ni\u00f1os que estaban en ese cub\u00edculo se movieron al piso inferior.<\/p>\n\n\n\n<p>En otro orden de ideas la funcionaria estatal destac\u00f3 que la Secretar\u00eda est\u00e1 ayudando a atender la emergencia por las intensas lluvias.<\/p>\n\n\n\n<p>Subray\u00f3 que el trabajo m\u00e1s fuerte de la dependencia es cuando cesan las lluvias porque comienzan a hacer fumigaciones para evitar la reproducci\u00f3n del mosco transmisor del dengue y del paludismo.<\/p>\n\n\n\n<p>Adem\u00e1s, mencion\u00f3 que otra de las enfermeras comunes cuando hay emergencias por lluvias, son las\u00a0 diarreas, por lo que estar\u00e1n brindando tratamientos.<\/p>\n\n\n\n<p>&#8220;Estamos sobre todo al sur, en Texistepec, Jes\u00fas Carranza, Coatzacoalcos, Minatitl\u00e1n, Agua Dulce, Hidalgotitl\u00e1n, ah\u00ed estamos haciendo un trabajo m\u00e1s intensivo&#8221;, expuso.<\/p>\n\n\n\n<p>Finalmente, detall\u00f3 que hay unos 38 casos de paludismo en todo el Estado.<\/p>\n","protected":false},"excerpt":{"rendered":"<p>Dar\u00edo Pale Xalapa, Ver.- Ca\u00edda de plaf\u00f3n de Torre Pedi\u00e1trica por filtraciones de agua, hab\u00eda seis ni\u00f1os que fueron cambiados al piso de abajo, as\u00ed lo dio a conocer la titular\u00a0 de la Secretar\u00eda de Salud de Veracruz, Guadalupe D\u00edaz del Castillo. En entrevista rechaz\u00f3 que la ca\u00edda del plaf\u00f3n en la Torre Pedi\u00e1trica este [&hellip;]<\/p>\n","protected":false},"author":2476,"featured_media":59877,"comment_status":"open","ping_status":"open","sticky":false,"template":"","format":"standard","meta":{"_jetpack_memberships_contains_paid_content":false,"footnotes":""},"categories":[9],"tags":[],"class_list":["post-59876","post","type-post","status-publish","format-standard","has-post-thumbnail","hentry","category-salud"],"jetpack_featured_media_url":"https:\/\/encuentroinformativo.com.mx\/wp-content\/uploads\/2024\/10\/IMG-20241023-WA0024.jpg","jetpack_sharing_enabled":true,"jetpack_likes_enabled":true,"amp_enabled":true,"_links":{"self":[{"href":"https:\/\/encuentroinformativo.com.mx\/index.php?rest_route=\/wp\/v2\/posts\/59876","targetHints":{"allow":["GET"]}}],"collection":[{"href":"https:\/\/encuentroinformativo.com.mx\/index.php?rest_route=\/wp\/v2\/posts"}],"about":[{"href":"https:\/\/encuentroinformativo.com.mx\/index.php?rest_route=\/wp\/v2\/types\/post"}],"author":[{"embeddable":true,"href":"https:\/\/encuentroinformativo.com.mx\/index.php?rest_route=\/wp\/v2\/users\/2476"}],"replies":[{"embeddable":true,"href":"https:\/\/encuentroinformativo.com.mx\/index.php?rest_route=%2Fwp%2Fv2%2Fcomments&post=59876"}],"version-history":[{"count":1,"href":"https:\/\/encuentroinformativo.com.mx\/index.php?rest_route=\/wp\/v2\/posts\/59876\/revisions"}],"predecessor-version":[{"id":59878,"href":"https:\/\/encuentroinformativo.com.mx\/index.php?rest_route=\/wp\/v2\/posts\/59876\/revisions\/59878"}],"wp:featuredmedia":[{"embeddable":true,"href":"https:\/\/encuentroinformativo.com.mx\/index.php?rest_route=\/wp\/v2\/media\/59877"}],"wp:attachment":[{"href":"https:\/\/encuentroinformativo.com.mx\/index.php?rest_route=%2Fwp%2Fv2%2Fmedia&parent=59876"}],"wp:term":[{"taxonomy":"category","embeddable":true,"href":"https:\/\/encuentroinformativo.com.mx\/index.php?rest_route=%2Fwp%2Fv2%2Fcategories&post=59876"},{"taxonomy":"post_tag","embeddable":true,"href":"https:\/\/encuentroinformativo.com.mx\/index.php?rest_route=%2Fwp%2Fv2%2Ftags&post=59876"}],"curies":[{"name":"wp","href":"https:\/\/api.w.org\/{rel}","templated":true}]}}