{"id":59905,"date":"2024-10-23T14:53:19","date_gmt":"2024-10-23T20:53:19","guid":{"rendered":"https:\/\/encuentroinformativo.com.mx\/?p=59905"},"modified":"2024-10-23T14:53:25","modified_gmt":"2024-10-23T20:53:25","slug":"ante-peregrinaciones-por-san-rafael-autoridades-implementan-operativos-viales","status":"publish","type":"post","link":"https:\/\/encuentroinformativo.com.mx\/?p=59905","title":{"rendered":"Ante peregrinaciones por San Rafael, autoridades implementan operativos viales"},"content":{"rendered":"\n<p><strong>Dar\u00edo Pale <\/strong><\/p>\n\n\n\n<p>Xalapa, Ver.- Debido a que muchos peregrinos llegan a la catedral Metropolitana para festejar a San Rafael Guizar y Valencia personal de la Secretar\u00eda de Seguridad P\u00fablica (SSP), implementar\u00e1 operativos de resguardo a peregrinos en algunos puntos de Coatepec y Xico.<\/p>\n\n\n\n<p>Por lo que dieron a conocer que, a partir de las 18:00 horas de este mi\u00e9rcoles hasta las 03:00 horas de ma\u00f1ana se realizar\u00e1 un operativo vial sobre el bulevar Xalapa-Coatepec y el cierre de uno de sus carriles, debido al paso de las peregrinaciones con motivo de los festejos de San Rafael Gu\u00edzar y Valencia en la Catedral Metropolitana de Xalapa.\u00a0<\/p>\n\n\n\n<p>Y es que se esperan como cada a\u00f1o varias peregrinaciones provenientes de Xico, Teocelo y Cosautl\u00e1n y de algunos otros municipios.\u00a0\u00a0<\/p>\n\n\n\n<p>Por su parte, la direcci\u00f3n de Protecci\u00f3n Civil de Xico, realizar\u00e1 recorridos en puntos estrat\u00e9gicos para resguardar a las personas que bajan de las localidades de Tonalaco y Xico Viejo.\u00a0<\/p>\n\n\n\n<p>Adem\u00e1s, una unidad de esta \u00e1rea se instalar\u00e1 en el crucero de Xico y otra m\u00e1s estar\u00e1 al pendiente de las peregrinaciones de la recta de Sayago y San Marcos de Le\u00f3n.<\/p>\n","protected":false},"excerpt":{"rendered":"<p>Dar\u00edo Pale Xalapa, Ver.- Debido a que muchos peregrinos llegan a la catedral Metropolitana para festejar a San Rafael Guizar y Valencia personal de la Secretar\u00eda de Seguridad P\u00fablica (SSP), implementar\u00e1 operativos de resguardo a peregrinos en algunos puntos de Coatepec y Xico. Por lo que dieron a conocer que, a partir de las 18:00 [&hellip;]<\/p>\n","protected":false},"author":2476,"featured_media":19662,"comment_status":"open","ping_status":"open","sticky":false,"template":"","format":"standard","meta":{"_jetpack_memberships_contains_paid_content":false,"footnotes":""},"categories":[3],"tags":[],"class_list":["post-59905","post","type-post","status-publish","format-standard","has-post-thumbnail","hentry","category-xalapa"],"jetpack_featured_media_url":"https:\/\/encuentroinformativo.com.mx\/wp-content\/uploads\/2021\/10\/2FE9BDF5-BCFC-4373-B957-B2DB5871EDEE.jpeg","jetpack_sharing_enabled":true,"jetpack_likes_enabled":true,"amp_enabled":true,"_links":{"self":[{"href":"https:\/\/encuentroinformativo.com.mx\/index.php?rest_route=\/wp\/v2\/posts\/59905","targetHints":{"allow":["GET"]}}],"collection":[{"href":"https:\/\/encuentroinformativo.com.mx\/index.php?rest_route=\/wp\/v2\/posts"}],"about":[{"href":"https:\/\/encuentroinformativo.com.mx\/index.php?rest_route=\/wp\/v2\/types\/post"}],"author":[{"embeddable":true,"href":"https:\/\/encuentroinformativo.com.mx\/index.php?rest_route=\/wp\/v2\/users\/2476"}],"replies":[{"embeddable":true,"href":"https:\/\/encuentroinformativo.com.mx\/index.php?rest_route=%2Fwp%2Fv2%2Fcomments&post=59905"}],"version-history":[{"count":1,"href":"https:\/\/encuentroinformativo.com.mx\/index.php?rest_route=\/wp\/v2\/posts\/59905\/revisions"}],"predecessor-version":[{"id":59906,"href":"https:\/\/encuentroinformativo.com.mx\/index.php?rest_route=\/wp\/v2\/posts\/59905\/revisions\/59906"}],"wp:featuredmedia":[{"embeddable":true,"href":"https:\/\/encuentroinformativo.com.mx\/index.php?rest_route=\/wp\/v2\/media\/19662"}],"wp:attachment":[{"href":"https:\/\/encuentroinformativo.com.mx\/index.php?rest_route=%2Fwp%2Fv2%2Fmedia&parent=59905"}],"wp:term":[{"taxonomy":"category","embeddable":true,"href":"https:\/\/encuentroinformativo.com.mx\/index.php?rest_route=%2Fwp%2Fv2%2Fcategories&post=59905"},{"taxonomy":"post_tag","embeddable":true,"href":"https:\/\/encuentroinformativo.com.mx\/index.php?rest_route=%2Fwp%2Fv2%2Ftags&post=59905"}],"curies":[{"name":"wp","href":"https:\/\/api.w.org\/{rel}","templated":true}]}}