{"id":59910,"date":"2024-10-24T09:37:44","date_gmt":"2024-10-24T15:37:44","guid":{"rendered":"https:\/\/encuentroinformativo.com.mx\/?p=59910"},"modified":"2024-10-24T09:37:51","modified_gmt":"2024-10-24T15:37:51","slug":"carlos-marcelo-y-edgar","status":"publish","type":"post","link":"https:\/\/encuentroinformativo.com.mx\/?p=59910","title":{"rendered":"CARLOS MARCELO Y EDGAR"},"content":{"rendered":"\n<p><strong>Los Pol\u00edticos<\/strong><\/p>\n\n\n\n<p><strong>Salvador Mu\u00f1oz<\/strong><\/p>\n\n\n\n<p>Cuenta la leyenda que hace tres a\u00f1os, cuando estando en la orillita, no se le dio ocupar una curul local, hizo una manda: no cortarse el cabello hasta llegar a ser diputado y a partir de ese momento, la melena no conoci\u00f3 tijera ni peluquero\u2026 sus amigos, sus cuates, sus bros dir\u00e1n que tampoco el Shampoo\u00a0 ni el acondicionador\u2026<\/p>\n\n\n\n<p>La realidad es que a casi dos semanas de que por fin, Carlos Marcelo Ruiz S\u00e1nchez rinda protesta como legislador, las apuestas ya est\u00e1n circulando en el PVEM: Se lo corta o se lo deja\u2026<\/p>\n\n\n\n<p>Muy independiente de la sans\u00f3nica melena de Carlos Marcelo llevada a una manda, promesa o juramento,, hay algo m\u00e1s que hay que reconocerle al dirigente verde\u2026 el compromiso de pasar la estafeta una vez que ponga sus posaderas en la mullida curul.<\/p>\n\n\n\n<p>El cambio verde bien podr\u00eda catalogarse como un aut\u00e9ntico relevo generacional porque a ojo de buen cubero, la diferencia entre Carlos Marcelo y Edgar Herrera Lendechy son 10 a\u00f1os aproximadamente\u2026<\/p>\n\n\n\n<p>Edgar Herrera estar\u00e1 entre los dirigentes partidistas menor de 40 a\u00f1os con Esteban Ram\u00edrez Zepeta porque el resto, Luis Carbonell, Fofo Ram\u00edrez y Federico Salom\u00f3n ya rayan en chavo-rucos\u2026<\/p>\n\n\n\n<p>Se supone que el cuenque\u00f1o Edgar Herrera Lendechy ha de entrar en funciones como dirigente verde en la primera semana de noviembre.<\/p>\n\n\n\n<p>De cierto modo, el PVEM en esta nueva etapa, tendr\u00e1 en Veracruz una representaci\u00f3n juvenil\u2026 por un lado, en la cabecera de la bancada verde local, Carlos Marcelo, que a ojo de buen cubero, est\u00e1 por los 45 a\u00f1os\u2026 por otro, Javier Herrera Borunda, de 44 a\u00f1os, diputado federal al frente de una de las Comisiones m\u00e1s relevantes en San L\u00e1zaro\u2026 y Edgar Herrera, de 35, en la dirigencia estatal del partido Verde, de frente a unas elecciones municipales que de cierto modo, ser\u00e1n su primera prueba de fuego y no precisamente en las urnas, sino primero, en las mesas de negociaciones con los partidos aliados, que es seguro que se mantenga la alianza; luego, en la selecci\u00f3n de municipios donde haya garant\u00eda de triunfo y despu\u00e9s, en escoger a los candidatos que sean sin\u00f3nimo de \u00e9xito\u2026 aunque tambi\u00e9n tendr\u00e1 una tarea pendiente: darle ese matiz de partido de j\u00f3venes apostando a j\u00f3venes, pero sobre todo, privilegiar la Palabra, en el sentido de darle otro cariz al joven, al que se le ha encapsulado en una generaci\u00f3n de cristal, sin sue\u00f1os, sin proyectos, sin ideales\u2026 que la gente perciba al joven comprometido con su sociedad, con su entorno, con ellos mismos\u2026 una vez establecida esas bases, seguir escalando pelda\u00f1os en la preferencia electoral\u2026<\/p>\n\n\n\n<p>Y quien piense que por ir en alianza con el partido en el poder es ganancia, se equivoca\u2026 ello obliga al PVEM a redoblar esfuerzos y evitar echarse a la hamaca\u2026<\/p>\n\n\n\n<p>Mientras, las apuestas siguen alrededor de la cabellera de Carlos Marcelo\u2026 aunque la mejor apuesta que hizo el melenudo verde fue hace tres a\u00f1os, cuando las circunstancias no le fueron favorables para ser diputado\u2026 de haberlo sido, no hubiera tenido bancada; hoy, seis diputados del PVEM los coloca por encima hasta del PAN\u2026<\/p>\n\n\n\n<p>Y si usted apuesta a que Carlos Marcelo ha de aplicarse la de Sans\u00f3n, yo le juego la contra\u2026 El cuasi diputado ya hizo en la melena un personaje que lo distingue, que lo caracteriza, y por lo mismo, la manda que jurament\u00f3 ha de pasar a la historia.<\/p>\n","protected":false},"excerpt":{"rendered":"<p>Los Pol\u00edticos Salvador Mu\u00f1oz Cuenta la leyenda que hace tres a\u00f1os, cuando estando en la orillita, no se le dio ocupar una curul local, hizo una manda: no cortarse el cabello hasta llegar a ser diputado y a partir de ese momento, la melena no conoci\u00f3 tijera ni peluquero\u2026 sus amigos, sus cuates, sus bros [&hellip;]<\/p>\n","protected":false},"author":2476,"featured_media":387,"comment_status":"open","ping_status":"open","sticky":false,"template":"","format":"standard","meta":{"_jetpack_memberships_contains_paid_content":false,"footnotes":""},"categories":[11],"tags":[],"class_list":["post-59910","post","type-post","status-publish","format-standard","has-post-thumbnail","hentry","category-opinion"],"jetpack_featured_media_url":"https:\/\/encuentroinformativo.com.mx\/wp-content\/uploads\/2020\/03\/7CF8A22B-2764-47BE-8F7F-38FE9E5D6A2F.jpeg","jetpack_sharing_enabled":true,"jetpack_likes_enabled":true,"amp_enabled":true,"_links":{"self":[{"href":"https:\/\/encuentroinformativo.com.mx\/index.php?rest_route=\/wp\/v2\/posts\/59910","targetHints":{"allow":["GET"]}}],"collection":[{"href":"https:\/\/encuentroinformativo.com.mx\/index.php?rest_route=\/wp\/v2\/posts"}],"about":[{"href":"https:\/\/encuentroinformativo.com.mx\/index.php?rest_route=\/wp\/v2\/types\/post"}],"author":[{"embeddable":true,"href":"https:\/\/encuentroinformativo.com.mx\/index.php?rest_route=\/wp\/v2\/users\/2476"}],"replies":[{"embeddable":true,"href":"https:\/\/encuentroinformativo.com.mx\/index.php?rest_route=%2Fwp%2Fv2%2Fcomments&post=59910"}],"version-history":[{"count":1,"href":"https:\/\/encuentroinformativo.com.mx\/index.php?rest_route=\/wp\/v2\/posts\/59910\/revisions"}],"predecessor-version":[{"id":59911,"href":"https:\/\/encuentroinformativo.com.mx\/index.php?rest_route=\/wp\/v2\/posts\/59910\/revisions\/59911"}],"wp:featuredmedia":[{"embeddable":true,"href":"https:\/\/encuentroinformativo.com.mx\/index.php?rest_route=\/wp\/v2\/media\/387"}],"wp:attachment":[{"href":"https:\/\/encuentroinformativo.com.mx\/index.php?rest_route=%2Fwp%2Fv2%2Fmedia&parent=59910"}],"wp:term":[{"taxonomy":"category","embeddable":true,"href":"https:\/\/encuentroinformativo.com.mx\/index.php?rest_route=%2Fwp%2Fv2%2Fcategories&post=59910"},{"taxonomy":"post_tag","embeddable":true,"href":"https:\/\/encuentroinformativo.com.mx\/index.php?rest_route=%2Fwp%2Fv2%2Ftags&post=59910"}],"curies":[{"name":"wp","href":"https:\/\/api.w.org\/{rel}","templated":true}]}}