{"id":59915,"date":"2024-10-24T11:09:59","date_gmt":"2024-10-24T17:09:59","guid":{"rendered":"https:\/\/encuentroinformativo.com.mx\/?p=59915"},"modified":"2024-10-24T11:10:10","modified_gmt":"2024-10-24T17:10:10","slug":"muestra-de-la-cineteca-veracruz-llegara-a-tlacotalpan-y-xalapa","status":"publish","type":"post","link":"https:\/\/encuentroinformativo.com.mx\/?p=59915","title":{"rendered":"Muestra de la Cineteca Veracruz llegar\u00e1 a Tlacotalpan y Xalapa"},"content":{"rendered":"\n<p><strong>Alejandro \u00c1vila<\/strong><\/p>\n\n\n\n<p>Veracruz, Ver.- El pasado fin de semana finalizaron las actividades del Festival de Cine \u201cMuestra de la Cineteca Veracruz\u201d, que en su tercera edici\u00f3n se llev\u00f3 a cabo del 16 al 19 de octubre del presente en la zona conurbada Veracruz &#8211; Boca del R\u00edo.<\/p>\n\n\n\n<p>La proyecci\u00f3n con la que cerr\u00f3 este festival fue \u201cLa puerta verde\u201d, del cineasta Guillermo Vejar, quien estuvo presente en las funci\u00f3n junto con el actor Alejandro Oliva, y que se llev\u00f3 a cabo en Cinemex de Plaza Andamar en Boca del R\u00edo.<\/p>\n\n\n\n<p>Al terminar la proyecci\u00f3n los asistentes tuvieron la oportunidad de conversar con el realizador de la cinta, quien comparti\u00f3 su experiencia, as\u00ed como la recepci\u00f3n qu\u00e9 ha tenido su filme que recientemente fue presentado en el Sarajevo Film Festival.<\/p>\n\n\n\n<p>Durante los d\u00edas en que dur\u00f3 el festival se llevaron a cabo presentaciones de cortometrajes y largometrajes tanto nacionales, internacionales y veracruzanos, adem\u00e1s de la retrospectiva dedicada a la cineasta argentina Paula Markovitch, quien tuvo la oportunidad de convivir y compartir sus pel\u00edculas con el p\u00fablico veracruzano, y que adem\u00e1s, estuvo presente en la funci\u00f3n de clausura.<\/p>\n\n\n\n<p>La Tercera Muestra de la Cineteca Veracruz se presentar\u00e1 pr\u00f3ximamente en Tlacotalpan, del 7 al 9 de noviembre, para finalizar en la ciudad de Xalapa, del 13 al 16 del mismo mes.<\/p>\n\n\n\n<p>Se invita a consultar la programaci\u00f3n en las redes sociales de la Cineteca Veracruz, en Facebook e Instagram.<\/p>\n","protected":false},"excerpt":{"rendered":"<p>Alejandro \u00c1vila Veracruz, Ver.- El pasado fin de semana finalizaron las actividades del Festival de Cine \u201cMuestra de la Cineteca Veracruz\u201d, que en su tercera edici\u00f3n se llev\u00f3 a cabo del 16 al 19 de octubre del presente en la zona conurbada Veracruz &#8211; Boca del R\u00edo. La proyecci\u00f3n con la que cerr\u00f3 este festival [&hellip;]<\/p>\n","protected":false},"author":2476,"featured_media":59916,"comment_status":"open","ping_status":"open","sticky":false,"template":"","format":"standard","meta":{"_jetpack_memberships_contains_paid_content":false,"footnotes":""},"categories":[2],"tags":[],"class_list":["post-59915","post","type-post","status-publish","format-standard","has-post-thumbnail","hentry","category-estado"],"jetpack_featured_media_url":"https:\/\/encuentroinformativo.com.mx\/wp-content\/uploads\/2024\/10\/IMG-20241024-WA0012.jpg","jetpack_sharing_enabled":true,"jetpack_likes_enabled":true,"amp_enabled":true,"_links":{"self":[{"href":"https:\/\/encuentroinformativo.com.mx\/index.php?rest_route=\/wp\/v2\/posts\/59915","targetHints":{"allow":["GET"]}}],"collection":[{"href":"https:\/\/encuentroinformativo.com.mx\/index.php?rest_route=\/wp\/v2\/posts"}],"about":[{"href":"https:\/\/encuentroinformativo.com.mx\/index.php?rest_route=\/wp\/v2\/types\/post"}],"author":[{"embeddable":true,"href":"https:\/\/encuentroinformativo.com.mx\/index.php?rest_route=\/wp\/v2\/users\/2476"}],"replies":[{"embeddable":true,"href":"https:\/\/encuentroinformativo.com.mx\/index.php?rest_route=%2Fwp%2Fv2%2Fcomments&post=59915"}],"version-history":[{"count":1,"href":"https:\/\/encuentroinformativo.com.mx\/index.php?rest_route=\/wp\/v2\/posts\/59915\/revisions"}],"predecessor-version":[{"id":59917,"href":"https:\/\/encuentroinformativo.com.mx\/index.php?rest_route=\/wp\/v2\/posts\/59915\/revisions\/59917"}],"wp:featuredmedia":[{"embeddable":true,"href":"https:\/\/encuentroinformativo.com.mx\/index.php?rest_route=\/wp\/v2\/media\/59916"}],"wp:attachment":[{"href":"https:\/\/encuentroinformativo.com.mx\/index.php?rest_route=%2Fwp%2Fv2%2Fmedia&parent=59915"}],"wp:term":[{"taxonomy":"category","embeddable":true,"href":"https:\/\/encuentroinformativo.com.mx\/index.php?rest_route=%2Fwp%2Fv2%2Fcategories&post=59915"},{"taxonomy":"post_tag","embeddable":true,"href":"https:\/\/encuentroinformativo.com.mx\/index.php?rest_route=%2Fwp%2Fv2%2Ftags&post=59915"}],"curies":[{"name":"wp","href":"https:\/\/api.w.org\/{rel}","templated":true}]}}