{"id":59925,"date":"2024-10-24T13:44:09","date_gmt":"2024-10-24T19:44:09","guid":{"rendered":"https:\/\/encuentroinformativo.com.mx\/?p=59925"},"modified":"2024-10-24T13:44:17","modified_gmt":"2024-10-24T19:44:17","slug":"veracruz-fc-sera-presentado-en-diciembre-bernardo-pasquel","status":"publish","type":"post","link":"https:\/\/encuentroinformativo.com.mx\/?p=59925","title":{"rendered":"Veracruz FC ser\u00e1 presentado en diciembre: Bernardo Pasquel"},"content":{"rendered":"\n<ul class=\"wp-block-list\"><li><strong>El estadio Luis &#8220;Pirata&#8221; Fuente no cambiar\u00e1 de nombre, afirma. <\/strong><\/li><\/ul>\n\n\n\n<p><strong>Alejandro \u00c1vila<\/strong><\/p>\n\n\n\n<p>Boca del R\u00edo, Ver.- El empresario, Bernardo Pasquel M\u00e9ndez, confirm\u00f3 en entrevista que en el mes de diciembre ser\u00e1 presentada la nueva franquicia de Liga Expansi\u00f3n MX, Veracruz FC; al tiempo que dijo, en una primera instancia, el estadio Luis &#8220;Pirata&#8221; Fuente no cambiar\u00e1 de nombre.<\/p>\n\n\n\n<p>&#8220;En diciembre, estamos trabajando con el tema de nombres y todo, y en diciembre yo creo que ya estaremos listos para darles una entrevista a todos ustedes y platicarles cien por ciento de todo el proyecto (\u2026) ser\u00eda una franquicia nueva, un nombre nuevo, colores nuevos, todo ser\u00eda nuevo (\u2026) por el momento Luis &#8216;Pirata&#8217; Fuente, si sale alg\u00fan patrocinador pues ya lo ver\u00edamos&#8221;, expres\u00f3.<\/p>\n\n\n\n<p>Bernardo Pasquel asegur\u00f3 que los veracruzanos podr\u00e1n ver a un equipo competitivo que buscar\u00e1 cada torneo lograr el t\u00edtulo y, dependiendo de los lineamientos de la Federaci\u00f3n Mexicana de F\u00fatbol, buscar\u00e1n a corto plazo instalarse en el m\u00e1ximo circuito, la Liga MX.<\/p>\n\n\n\n<p>Finalmente, el empresario tambi\u00e9n due\u00f1o del \u00c1guila de Veracruz, agreg\u00f3 que habr\u00e1 &#8220;cl\u00e1sico veracruzano&#8221;, pues hay que recordar que el empresario Mako Y\u00e1\u00f1ez, due\u00f1o de Racing de Veracruz, tambi\u00e9n tendr\u00e1 una franquicia de Liga de Expansi\u00f3n MX para mediados del 2025.<\/p>\n","protected":false},"excerpt":{"rendered":"<p>El estadio Luis &#8220;Pirata&#8221; Fuente no cambiar\u00e1 de nombre, afirma. Alejandro \u00c1vila Boca del R\u00edo, Ver.- El empresario, Bernardo Pasquel M\u00e9ndez, confirm\u00f3 en entrevista que en el mes de diciembre ser\u00e1 presentada la nueva franquicia de Liga Expansi\u00f3n MX, Veracruz FC; al tiempo que dijo, en una primera instancia, el estadio Luis &#8220;Pirata&#8221; Fuente no [&hellip;]<\/p>\n","protected":false},"author":2476,"featured_media":59926,"comment_status":"open","ping_status":"open","sticky":false,"template":"","format":"standard","meta":{"_jetpack_memberships_contains_paid_content":false,"footnotes":""},"categories":[2],"tags":[],"class_list":["post-59925","post","type-post","status-publish","format-standard","has-post-thumbnail","hentry","category-estado"],"jetpack_featured_media_url":"https:\/\/encuentroinformativo.com.mx\/wp-content\/uploads\/2024\/10\/IMG-20241024-WA0039.jpg","jetpack_sharing_enabled":true,"jetpack_likes_enabled":true,"amp_enabled":true,"_links":{"self":[{"href":"https:\/\/encuentroinformativo.com.mx\/index.php?rest_route=\/wp\/v2\/posts\/59925","targetHints":{"allow":["GET"]}}],"collection":[{"href":"https:\/\/encuentroinformativo.com.mx\/index.php?rest_route=\/wp\/v2\/posts"}],"about":[{"href":"https:\/\/encuentroinformativo.com.mx\/index.php?rest_route=\/wp\/v2\/types\/post"}],"author":[{"embeddable":true,"href":"https:\/\/encuentroinformativo.com.mx\/index.php?rest_route=\/wp\/v2\/users\/2476"}],"replies":[{"embeddable":true,"href":"https:\/\/encuentroinformativo.com.mx\/index.php?rest_route=%2Fwp%2Fv2%2Fcomments&post=59925"}],"version-history":[{"count":1,"href":"https:\/\/encuentroinformativo.com.mx\/index.php?rest_route=\/wp\/v2\/posts\/59925\/revisions"}],"predecessor-version":[{"id":59927,"href":"https:\/\/encuentroinformativo.com.mx\/index.php?rest_route=\/wp\/v2\/posts\/59925\/revisions\/59927"}],"wp:featuredmedia":[{"embeddable":true,"href":"https:\/\/encuentroinformativo.com.mx\/index.php?rest_route=\/wp\/v2\/media\/59926"}],"wp:attachment":[{"href":"https:\/\/encuentroinformativo.com.mx\/index.php?rest_route=%2Fwp%2Fv2%2Fmedia&parent=59925"}],"wp:term":[{"taxonomy":"category","embeddable":true,"href":"https:\/\/encuentroinformativo.com.mx\/index.php?rest_route=%2Fwp%2Fv2%2Fcategories&post=59925"},{"taxonomy":"post_tag","embeddable":true,"href":"https:\/\/encuentroinformativo.com.mx\/index.php?rest_route=%2Fwp%2Fv2%2Ftags&post=59925"}],"curies":[{"name":"wp","href":"https:\/\/api.w.org\/{rel}","templated":true}]}}