{"id":59941,"date":"2024-10-24T15:07:36","date_gmt":"2024-10-24T21:07:36","guid":{"rendered":"https:\/\/encuentroinformativo.com.mx\/?p=59941"},"modified":"2024-10-24T15:07:47","modified_gmt":"2024-10-24T21:07:47","slug":"mas-de-700-personas-siguen-en-albergues-por-afectaciones-de-lluvias","status":"publish","type":"post","link":"https:\/\/encuentroinformativo.com.mx\/?p=59941","title":{"rendered":"M\u00e1s de 700 personas siguen en albergues por afectaciones de lluvias"},"content":{"rendered":"\n<p><strong>Dar\u00edo Pale <\/strong><\/p>\n\n\n\n<p>Xalapa, Ver.- La Secretaria de Protecci\u00f3n Civil del Estado (SPC) Guadalupe Osorno Maldonado dio a conocer que hay 770 personas en 21 refugios por incremento de r\u00edos Coatzacoalcos y Papaloapan.<\/p>\n\n\n\n<p>Debido al incremento de los niveles en los r\u00edos Papaloapan y Coatzacoalcos, hay 770 personas en 21 refugios temporales instalados por las autoridades estatales, por lo que se llev\u00f3 a cabo la reubicaci\u00f3n de equipos hacia esa zona y la activaci\u00f3n de dos cocinas m\u00f3viles de SSP.<\/p>\n\n\n\n<p>Asimismo, una planta potabilizadora de PC Estatal y otra de CONAGUA, adem\u00e1s, contin\u00faan con la corroboraci\u00f3n de afectaciones, evacuaci\u00f3n preventiva, rescate y limpieza de viviendas y calles, apertura de caminos y distribuci\u00f3n de insumos humanitarios.<\/p>\n\n\n\n<p>Se encuentran en coordinaci\u00f3n el DIF Estatal, la SEMAR, la SEDENA, as\u00ed como los ayuntamientos, activando dos puentes a\u00e9reos.<\/p>\n\n\n\n<p>Finalmente el Comit\u00e9 de Emergencias contin\u00faa con el llamado a la poblaci\u00f3n a realizar las evacuaciones en aquellos lugares donde las fuerzas de tarea as\u00ed lo indiquen por seguridad.<\/p>\n","protected":false},"excerpt":{"rendered":"<p>Dar\u00edo Pale Xalapa, Ver.- La Secretaria de Protecci\u00f3n Civil del Estado (SPC) Guadalupe Osorno Maldonado dio a conocer que hay 770 personas en 21 refugios por incremento de r\u00edos Coatzacoalcos y Papaloapan. Debido al incremento de los niveles en los r\u00edos Papaloapan y Coatzacoalcos, hay 770 personas en 21 refugios temporales instalados por las autoridades [&hellip;]<\/p>\n","protected":false},"author":2476,"featured_media":59942,"comment_status":"open","ping_status":"open","sticky":false,"template":"","format":"standard","meta":{"_jetpack_memberships_contains_paid_content":false,"footnotes":""},"categories":[2],"tags":[],"class_list":["post-59941","post","type-post","status-publish","format-standard","has-post-thumbnail","hentry","category-estado"],"jetpack_featured_media_url":"https:\/\/encuentroinformativo.com.mx\/wp-content\/uploads\/2024\/10\/IMG-20241024-WA00862-scaled.jpg","jetpack_sharing_enabled":true,"jetpack_likes_enabled":true,"amp_enabled":true,"_links":{"self":[{"href":"https:\/\/encuentroinformativo.com.mx\/index.php?rest_route=\/wp\/v2\/posts\/59941","targetHints":{"allow":["GET"]}}],"collection":[{"href":"https:\/\/encuentroinformativo.com.mx\/index.php?rest_route=\/wp\/v2\/posts"}],"about":[{"href":"https:\/\/encuentroinformativo.com.mx\/index.php?rest_route=\/wp\/v2\/types\/post"}],"author":[{"embeddable":true,"href":"https:\/\/encuentroinformativo.com.mx\/index.php?rest_route=\/wp\/v2\/users\/2476"}],"replies":[{"embeddable":true,"href":"https:\/\/encuentroinformativo.com.mx\/index.php?rest_route=%2Fwp%2Fv2%2Fcomments&post=59941"}],"version-history":[{"count":1,"href":"https:\/\/encuentroinformativo.com.mx\/index.php?rest_route=\/wp\/v2\/posts\/59941\/revisions"}],"predecessor-version":[{"id":59943,"href":"https:\/\/encuentroinformativo.com.mx\/index.php?rest_route=\/wp\/v2\/posts\/59941\/revisions\/59943"}],"wp:featuredmedia":[{"embeddable":true,"href":"https:\/\/encuentroinformativo.com.mx\/index.php?rest_route=\/wp\/v2\/media\/59942"}],"wp:attachment":[{"href":"https:\/\/encuentroinformativo.com.mx\/index.php?rest_route=%2Fwp%2Fv2%2Fmedia&parent=59941"}],"wp:term":[{"taxonomy":"category","embeddable":true,"href":"https:\/\/encuentroinformativo.com.mx\/index.php?rest_route=%2Fwp%2Fv2%2Fcategories&post=59941"},{"taxonomy":"post_tag","embeddable":true,"href":"https:\/\/encuentroinformativo.com.mx\/index.php?rest_route=%2Fwp%2Fv2%2Ftags&post=59941"}],"curies":[{"name":"wp","href":"https:\/\/api.w.org\/{rel}","templated":true}]}}