{"id":59947,"date":"2024-10-24T18:53:45","date_gmt":"2024-10-25T00:53:45","guid":{"rendered":"https:\/\/encuentroinformativo.com.mx\/?p=59947"},"modified":"2024-10-24T18:53:55","modified_gmt":"2024-10-25T00:53:55","slug":"refrendan-feligreses-devocion-a-san-rafael-guizar","status":"publish","type":"post","link":"https:\/\/encuentroinformativo.com.mx\/?p=59947","title":{"rendered":"Refrendan feligreses devoci\u00f3n a San Rafael Gu\u00edzar"},"content":{"rendered":"\n<p><strong>Dar\u00edo Pale <\/strong><\/p>\n\n\n\n<p>Xalapa, Ver.- El p\u00e1rroco de la Catedral Metropolitana de Xalapa, Jos\u00e9 Ignacio Barradas Murrieta, dio a conocer que los feligreses refrendaron su devoci\u00f3n por San Rafael Guizar y Valencia, el legado de amor al pr\u00f3jimo se fortalece d\u00eda a d\u00eda.<\/p>\n\n\n\n<p>En entrevista se\u00f1al\u00f3 que, en el transcurso de la novena en honor a San Rafael Gu\u00edzar y Valencia se reporta saldo blanco; hasta su tumba han arribado alrededor de 15 mil peregrinos locales hasta la tarde de este jueves y provenientes de otras entidades del pa\u00eds.<\/p>\n\n\n\n<p>Coment\u00f3 que ante las acciones de rehabilitaci\u00f3n que se llevan a cabo en la calle Revoluci\u00f3n, se hizo un ajuste de \u00faltimo momento en la log\u00edstica de esta celebraci\u00f3n, sin embargo, se desarrolla en orden.<\/p>\n\n\n\n<p>\u201cAnoche recibimos una gran multitud de la zona de Cosautl\u00e1n, trajeron el tradicional arco floral de la entrada; lo recibimos a las 3:30 de la ma\u00f1ana. Dado a que la calle de Revoluci\u00f3n est\u00e1 en rehabilitaci\u00f3n el tr\u00e1nsito ha sido poco \u00e1gil para la feligres\u00eda y se tuvo que cambiar la log\u00edstica de \u00faltimo momento, pero todo va muy bien, hasta este momento tenemos saldo blanco\u201d, se\u00f1al\u00f3.<\/p>\n\n\n\n<p>Dio a conocer que en todo el d\u00eda se ha observado presente a la feligres\u00eda y se espera que hacia la noche de este jueves el aforo aumente; hacia finales del mes disminuir\u00e1n las visitas, aunque estas permanecen en todo el a\u00f1o.<\/p>\n\n\n\n<p>\u201cHan llegado de Guadalajara, de Michoac\u00e1n (\u2026), del estado tenemos gente de Orizaba, de C\u00f3rdoba, Coatzacoalcos, Tuxpan, Papantla, y de manera m\u00e1s significativa, de las comunidades que pertenecen a la Arquidi\u00f3cesis\u201d, coment\u00f3.<br>El sacerdote record\u00f3 que el legado de San Rafael se define en la humildad y el amor hacia el pr\u00f3jimo.<\/p>\n\n\n\n<p>\u201cSe caracteriz\u00f3 siempre por eso (\u2026) ayudando a la gente. Toda su historia nos narra el hecho de que siempre estuvo con su gente, noches completas de confesar y con un gran amor hac\u00eda la eucarist\u00eda, a la Virgen Mar\u00eda, su gran entusiasmo y empe\u00f1o por cuidar el Seminario en plena persecuci\u00f3n a la Iglesia\u201d, record\u00f3.<\/p>\n\n\n\n<p>Enfatiz\u00f3 que abundan las an\u00e9cdotas del Santo y se traducen en testimonios de amor y confianza a Dios.<\/p>\n\n\n\n<p>\u201cDe hecho, tanto para la beatificaci\u00f3n como para la canonizaci\u00f3n, que son procesos distintos, sus milagros tienen que ver con los ni\u00f1os. Incluso las mujeres que no pueden tener hijos vienen con mucha fe a pedirle que interceda para recibir esa bendici\u00f3n\u201d, inform\u00f3.<\/p>\n\n\n\n<p>Y es que desde la tarde del mi\u00e9rcoles en las escalinatas y periferia del recinto cat\u00f3lico donde yacen los restos del Santo, se observan devotos que acuden a refrendar su fe en agradecimiento por un milagro cumplido o en busca de uno.<\/p>\n\n\n\n<p>Por \u00faltimo coment\u00f3 que esta celebraci\u00f3n religiosa ha reactivado la econom\u00eda en el centro hist\u00f3rico de la ciudad; elementos de la Secretar\u00eda de Seguridad P\u00fablica del Estado (SSP) permanecen vigilantes en resguardo de las peregrinaciones, la vialidad al frente y laterales de la Catedral ser\u00e1 abierta por la tarde.<\/p>\n","protected":false},"excerpt":{"rendered":"<p>Dar\u00edo Pale Xalapa, Ver.- El p\u00e1rroco de la Catedral Metropolitana de Xalapa, Jos\u00e9 Ignacio Barradas Murrieta, dio a conocer que los feligreses refrendaron su devoci\u00f3n por San Rafael Guizar y Valencia, el legado de amor al pr\u00f3jimo se fortalece d\u00eda a d\u00eda. En entrevista se\u00f1al\u00f3 que, en el transcurso de la novena en honor a [&hellip;]<\/p>\n","protected":false},"author":2476,"featured_media":59948,"comment_status":"open","ping_status":"open","sticky":false,"template":"","format":"standard","meta":{"_jetpack_memberships_contains_paid_content":false,"footnotes":""},"categories":[3],"tags":[],"class_list":["post-59947","post","type-post","status-publish","format-standard","has-post-thumbnail","hentry","category-xalapa"],"jetpack_featured_media_url":"https:\/\/encuentroinformativo.com.mx\/wp-content\/uploads\/2024\/10\/IMG-20241024-WA0092.jpg","jetpack_sharing_enabled":true,"jetpack_likes_enabled":true,"amp_enabled":true,"_links":{"self":[{"href":"https:\/\/encuentroinformativo.com.mx\/index.php?rest_route=\/wp\/v2\/posts\/59947","targetHints":{"allow":["GET"]}}],"collection":[{"href":"https:\/\/encuentroinformativo.com.mx\/index.php?rest_route=\/wp\/v2\/posts"}],"about":[{"href":"https:\/\/encuentroinformativo.com.mx\/index.php?rest_route=\/wp\/v2\/types\/post"}],"author":[{"embeddable":true,"href":"https:\/\/encuentroinformativo.com.mx\/index.php?rest_route=\/wp\/v2\/users\/2476"}],"replies":[{"embeddable":true,"href":"https:\/\/encuentroinformativo.com.mx\/index.php?rest_route=%2Fwp%2Fv2%2Fcomments&post=59947"}],"version-history":[{"count":1,"href":"https:\/\/encuentroinformativo.com.mx\/index.php?rest_route=\/wp\/v2\/posts\/59947\/revisions"}],"predecessor-version":[{"id":59949,"href":"https:\/\/encuentroinformativo.com.mx\/index.php?rest_route=\/wp\/v2\/posts\/59947\/revisions\/59949"}],"wp:featuredmedia":[{"embeddable":true,"href":"https:\/\/encuentroinformativo.com.mx\/index.php?rest_route=\/wp\/v2\/media\/59948"}],"wp:attachment":[{"href":"https:\/\/encuentroinformativo.com.mx\/index.php?rest_route=%2Fwp%2Fv2%2Fmedia&parent=59947"}],"wp:term":[{"taxonomy":"category","embeddable":true,"href":"https:\/\/encuentroinformativo.com.mx\/index.php?rest_route=%2Fwp%2Fv2%2Fcategories&post=59947"},{"taxonomy":"post_tag","embeddable":true,"href":"https:\/\/encuentroinformativo.com.mx\/index.php?rest_route=%2Fwp%2Fv2%2Ftags&post=59947"}],"curies":[{"name":"wp","href":"https:\/\/api.w.org\/{rel}","templated":true}]}}