{"id":59969,"date":"2024-10-25T09:46:44","date_gmt":"2024-10-25T15:46:44","guid":{"rendered":"https:\/\/encuentroinformativo.com.mx\/?p=59969"},"modified":"2024-10-25T09:46:50","modified_gmt":"2024-10-25T15:46:50","slug":"las-leonas-estaran-en-veracruz-el-14-de-noviembre","status":"publish","type":"post","link":"https:\/\/encuentroinformativo.com.mx\/?p=59969","title":{"rendered":"\u201cLas Leonas\u201d estar\u00e1n en Veracruz el 14 de noviembre"},"content":{"rendered":"\n<p><strong>Alejandro \u00c1vila<\/strong><\/p>\n\n\n\n<p>Veracruz, Ver.- En conferencia de prensa se anunci\u00f3 de manera oficial la presentaci\u00f3n de la obra teatral \u201cLas Leonas\u201d, que tendr\u00e1 como escenario el Teatro de la Reforma el pr\u00f3ximo jueves 14 de noviembre en dos funciones, 18:00 y 20:00 horas.<\/p>\n\n\n\n<p>As\u00ed lo dio a conocer el autor de la obra Las Leonas, Francisco Oyanguren y el director general de REYNOSO Producciones, Javier Reynoso Zamudio, quienes confirmaron la presentaci\u00f3n de cinco de las siete protagonistas, ya que dos de ellas alternan.<\/p>\n\n\n\n<p>\u201cVienen la maestra Ang\u00e9lica Arag\u00f3n, Victoria Ruffo, Lupita Jones, Mara Patricia Casta\u00f1eda y Ana Patricia Rojo o Paola Rojas (\u2026) en Las Leonas hay dos actrices que alternan, Paola Rojas y la cantante Dulce, quien actualmente tambi\u00e9n est\u00e1 en teatro en Perfume de Gardenia\u201d, coment\u00f3 el escritor Francisco Oyanguren en la mencionada conferencia de prensa realizada en el Hotel Veracruz Centro Hist\u00f3rico.<\/p>\n\n\n\n<p>Y agreg\u00f3: \u201cLas Leonas es un homenaje a la mujer, a la fuerza de la mujer, de una madre, que son unas leonas defendiendo a sus hijos (\u2026) es una obra para las mujeres, pero que ning\u00fan hombre se puede perder\u201d.<\/p>\n\n\n\n<p>Por su parte Javier Reynoso director general de REYNOSO Producciones, expres\u00f3 que a partir de este mi\u00e9rcoles comenz\u00f3 la venta de boletos en taquilla del Teatro de la Reforma y desde ya a trav\u00e9s del sistema Taquilla Red.<\/p>\n\n\n\n<p>\u201cLas Leonas\u201d te transportar\u00e1n a un mundo donde el talento y la destreza se fusionan para crear un espect\u00e1culo inolvidable, se\u00f1al\u00f3 el director.<\/p>\n","protected":false},"excerpt":{"rendered":"<p>Alejandro \u00c1vila Veracruz, Ver.- En conferencia de prensa se anunci\u00f3 de manera oficial la presentaci\u00f3n de la obra teatral \u201cLas Leonas\u201d, que tendr\u00e1 como escenario el Teatro de la Reforma el pr\u00f3ximo jueves 14 de noviembre en dos funciones, 18:00 y 20:00 horas. As\u00ed lo dio a conocer el autor de la obra Las Leonas, [&hellip;]<\/p>\n","protected":false},"author":2476,"featured_media":59970,"comment_status":"open","ping_status":"open","sticky":false,"template":"","format":"standard","meta":{"_jetpack_memberships_contains_paid_content":false,"footnotes":""},"categories":[2],"tags":[],"class_list":["post-59969","post","type-post","status-publish","format-standard","has-post-thumbnail","hentry","category-estado"],"jetpack_featured_media_url":"https:\/\/encuentroinformativo.com.mx\/wp-content\/uploads\/2024\/10\/IMG-20241025-WA0008.jpg","jetpack_sharing_enabled":true,"jetpack_likes_enabled":true,"amp_enabled":true,"_links":{"self":[{"href":"https:\/\/encuentroinformativo.com.mx\/index.php?rest_route=\/wp\/v2\/posts\/59969","targetHints":{"allow":["GET"]}}],"collection":[{"href":"https:\/\/encuentroinformativo.com.mx\/index.php?rest_route=\/wp\/v2\/posts"}],"about":[{"href":"https:\/\/encuentroinformativo.com.mx\/index.php?rest_route=\/wp\/v2\/types\/post"}],"author":[{"embeddable":true,"href":"https:\/\/encuentroinformativo.com.mx\/index.php?rest_route=\/wp\/v2\/users\/2476"}],"replies":[{"embeddable":true,"href":"https:\/\/encuentroinformativo.com.mx\/index.php?rest_route=%2Fwp%2Fv2%2Fcomments&post=59969"}],"version-history":[{"count":1,"href":"https:\/\/encuentroinformativo.com.mx\/index.php?rest_route=\/wp\/v2\/posts\/59969\/revisions"}],"predecessor-version":[{"id":59971,"href":"https:\/\/encuentroinformativo.com.mx\/index.php?rest_route=\/wp\/v2\/posts\/59969\/revisions\/59971"}],"wp:featuredmedia":[{"embeddable":true,"href":"https:\/\/encuentroinformativo.com.mx\/index.php?rest_route=\/wp\/v2\/media\/59970"}],"wp:attachment":[{"href":"https:\/\/encuentroinformativo.com.mx\/index.php?rest_route=%2Fwp%2Fv2%2Fmedia&parent=59969"}],"wp:term":[{"taxonomy":"category","embeddable":true,"href":"https:\/\/encuentroinformativo.com.mx\/index.php?rest_route=%2Fwp%2Fv2%2Fcategories&post=59969"},{"taxonomy":"post_tag","embeddable":true,"href":"https:\/\/encuentroinformativo.com.mx\/index.php?rest_route=%2Fwp%2Fv2%2Ftags&post=59969"}],"curies":[{"name":"wp","href":"https:\/\/api.w.org\/{rel}","templated":true}]}}