{"id":59987,"date":"2024-10-25T15:49:26","date_gmt":"2024-10-25T21:49:26","guid":{"rendered":"https:\/\/encuentroinformativo.com.mx\/?p=59987"},"modified":"2024-10-25T15:49:31","modified_gmt":"2024-10-25T21:49:31","slug":"realiza-ceprevide-septimo-foro-juventudes-por-la-paz","status":"publish","type":"post","link":"https:\/\/encuentroinformativo.com.mx\/?p=59987","title":{"rendered":"Realiza CEPREVIDE S\u00e9ptimo Foro \u201cJuventudes por la Paz\u201d"},"content":{"rendered":"\n<p><strong>* Participaron cerca de 500 j\u00f3venes de la capital del estado.<\/strong><\/p>\n\n\n\n<p>Xalapa, Ver.- Con la asistencia de 472 personas se llev\u00f3 a cabo el S\u00e9ptimo Foro CEPREVIDE, \u201cJuventudes por la Paz\u201d en las instalaciones del IMAC, en Xalapa.<\/p>\n\n\n\n<p>Los foros son punto de encuentro por y para las juventudes que el CEPREVIDE ha realizado en los \u00faltimos a\u00f1os en colaboraci\u00f3n con el Instituto Veracruzano de la Juventud y tienen la finalidad de ser un espacio para intercambiar ideas, adem\u00e1s, en estos eventos las y los j\u00f3venes encuentran en los conferencistas un modelo de lo que pueden llegar a ser.<\/p>\n\n\n\n<p>Las ponencias que se brindan son de personas con historias extraordinarias que han alcanzado sus metas a temprana edad y quienes en estos espacios se permiten compartir un poco de sus f\u00f3rmulas de \u00e9xito con las nuevas generaciones, en esta ocasi\u00f3n se cont\u00f3 con la participaci\u00f3n de la Boxeadora Litzy Adilene V\u00e1squez Ochoa \u201cLa Bomba Adilene\u201d y de Coral Mart\u00ednez Abrajan, ganadora del Premio Estatal de la Juventud 2024 en la categor\u00eda \u201cCompromiso Social\u201d.<\/p>\n\n\n\n<p>Tanto en la SESCESP como su Centro Estatal de Prevenci\u00f3n, prevalece la creencia de que involucrar a la juventud en la Cultura de Paz es algo que se logra mediante el ejemplo, es por eso que adicionalmente a las conferencias se cuenta con presentaciones de m\u00fasica y baile, porque a trav\u00e9s del deporte, la cultura y las artes es como se aleja a ni\u00f1as, ni\u00f1os, adolescentes de malos h\u00e1bitos.<\/p>\n\n\n\n<p>Por \u00faltimo, y al igual que en los foros anteriores se concluy\u00f3 con la presentaci\u00f3n de la sexta edici\u00f3n de la revista \u201cJuventudes por la Paz\u201d, donde las y los j\u00f3venes articulistas hablaron de su trabajo dentro de la revista, con temas que van desde maltrato animal, alimentaci\u00f3n, salud mental y violencia familiar; finalizando con la invitaci\u00f3n a participar en esta publicaci\u00f3n para ediciones posteriores.<\/p>\n","protected":false},"excerpt":{"rendered":"<p>* Participaron cerca de 500 j\u00f3venes de la capital del estado. Xalapa, Ver.- Con la asistencia de 472 personas se llev\u00f3 a cabo el S\u00e9ptimo Foro CEPREVIDE, \u201cJuventudes por la Paz\u201d en las instalaciones del IMAC, en Xalapa. Los foros son punto de encuentro por y para las juventudes que el CEPREVIDE ha realizado en [&hellip;]<\/p>\n","protected":false},"author":2476,"featured_media":59988,"comment_status":"open","ping_status":"open","sticky":false,"template":"","format":"standard","meta":{"_jetpack_memberships_contains_paid_content":false,"footnotes":""},"categories":[2],"tags":[],"class_list":["post-59987","post","type-post","status-publish","format-standard","has-post-thumbnail","hentry","category-estado"],"jetpack_featured_media_url":"https:\/\/encuentroinformativo.com.mx\/wp-content\/uploads\/2024\/10\/IMG-20241025-WA0066.jpg","jetpack_sharing_enabled":true,"jetpack_likes_enabled":true,"amp_enabled":true,"_links":{"self":[{"href":"https:\/\/encuentroinformativo.com.mx\/index.php?rest_route=\/wp\/v2\/posts\/59987","targetHints":{"allow":["GET"]}}],"collection":[{"href":"https:\/\/encuentroinformativo.com.mx\/index.php?rest_route=\/wp\/v2\/posts"}],"about":[{"href":"https:\/\/encuentroinformativo.com.mx\/index.php?rest_route=\/wp\/v2\/types\/post"}],"author":[{"embeddable":true,"href":"https:\/\/encuentroinformativo.com.mx\/index.php?rest_route=\/wp\/v2\/users\/2476"}],"replies":[{"embeddable":true,"href":"https:\/\/encuentroinformativo.com.mx\/index.php?rest_route=%2Fwp%2Fv2%2Fcomments&post=59987"}],"version-history":[{"count":1,"href":"https:\/\/encuentroinformativo.com.mx\/index.php?rest_route=\/wp\/v2\/posts\/59987\/revisions"}],"predecessor-version":[{"id":59989,"href":"https:\/\/encuentroinformativo.com.mx\/index.php?rest_route=\/wp\/v2\/posts\/59987\/revisions\/59989"}],"wp:featuredmedia":[{"embeddable":true,"href":"https:\/\/encuentroinformativo.com.mx\/index.php?rest_route=\/wp\/v2\/media\/59988"}],"wp:attachment":[{"href":"https:\/\/encuentroinformativo.com.mx\/index.php?rest_route=%2Fwp%2Fv2%2Fmedia&parent=59987"}],"wp:term":[{"taxonomy":"category","embeddable":true,"href":"https:\/\/encuentroinformativo.com.mx\/index.php?rest_route=%2Fwp%2Fv2%2Fcategories&post=59987"},{"taxonomy":"post_tag","embeddable":true,"href":"https:\/\/encuentroinformativo.com.mx\/index.php?rest_route=%2Fwp%2Fv2%2Ftags&post=59987"}],"curies":[{"name":"wp","href":"https:\/\/api.w.org\/{rel}","templated":true}]}}