{"id":59996,"date":"2024-10-26T16:23:38","date_gmt":"2024-10-26T22:23:38","guid":{"rendered":"https:\/\/encuentroinformativo.com.mx\/?p=59996"},"modified":"2024-10-26T16:23:44","modified_gmt":"2024-10-26T22:23:44","slug":"lluvias-dejan-socavon-en-san-isidro","status":"publish","type":"post","link":"https:\/\/encuentroinformativo.com.mx\/?p=59996","title":{"rendered":"Lluvias dejan socav\u00f3n en San Isidro"},"content":{"rendered":"\n<p><strong>Dar\u00edo Pale <\/strong><\/p>\n\n\n\n<p>Xalapa, Ver.- Debido a las lluvias que se han registrado desde principio de semana se registr\u00f3 un socav\u00f3n el cual se form\u00f3 en la carretera con direcci\u00f3n a la localidad de San Isidro, municipio de Actopan, Veracruz.<\/p>\n\n\n\n<p>De acuerdo con los pobladores, fue el domingo 20 y lunes 21 de octubre cuando las tormentas a causa del frente fr\u00edo n\u00famero 4, causaron estragos como el da\u00f1o a la v\u00eda de comunicaci\u00f3n.<\/p>\n\n\n\n<p>Fue un tramo de la carretera la que qued\u00f3 da\u00f1ada a causa de que la tierra se reblandeci\u00f3, adem\u00e1s, parte del concreto de la cuneta tambi\u00e9n result\u00f3 con afectaciones, reportaron los pobladores.<\/p>\n\n\n\n<p>Seg\u00fan la informaci\u00f3n oficial se\u00f1ala que, \u201ceste socav\u00f3n se origin\u00f3 por las intensas lluvias y con apoyo de la Direcci\u00f3n de Mantenimiento Urbano se est\u00e1 trabajando para reparar el da\u00f1o.<\/p>\n\n\n\n<p>Continuamos atendiendo los da\u00f1os ocasionados por el paso de la \u00faltima tormenta tropical como parte de la segunda brigada de apoyo a la poblaci\u00f3n\u201d.<\/p>\n\n\n\n<p>La carpeta asf\u00e1ltica que result\u00f3 con los da\u00f1os, fue en uno de los carriles, por lo que algunos ciudadanos cuestionaron que si la reparaci\u00f3n ser\u00e1 pronta y con material de buena calidad para evitar m\u00e1s complicaciones a futuro.<\/p>\n\n\n\n<figure class=\"wp-block-image size-large\"><img loading=\"lazy\" decoding=\"async\" width=\"1024\" height=\"768\" src=\"https:\/\/encuentroinformativo.com.mx\/wp-content\/uploads\/2024\/10\/1000412623-1024x768.jpg\" alt=\"\" class=\"wp-image-59998\" srcset=\"https:\/\/encuentroinformativo.com.mx\/wp-content\/uploads\/2024\/10\/1000412623-1024x768.jpg 1024w, https:\/\/encuentroinformativo.com.mx\/wp-content\/uploads\/2024\/10\/1000412623-300x225.jpg 300w, https:\/\/encuentroinformativo.com.mx\/wp-content\/uploads\/2024\/10\/1000412623-768x576.jpg 768w, https:\/\/encuentroinformativo.com.mx\/wp-content\/uploads\/2024\/10\/1000412623-1536x1152.jpg 1536w, https:\/\/encuentroinformativo.com.mx\/wp-content\/uploads\/2024\/10\/1000412623.jpg 1600w\" sizes=\"auto, (max-width: 1024px) 100vw, 1024px\" \/><\/figure>\n","protected":false},"excerpt":{"rendered":"<p>Dar\u00edo Pale Xalapa, Ver.- Debido a las lluvias que se han registrado desde principio de semana se registr\u00f3 un socav\u00f3n el cual se form\u00f3 en la carretera con direcci\u00f3n a la localidad de San Isidro, municipio de Actopan, Veracruz. De acuerdo con los pobladores, fue el domingo 20 y lunes 21 de octubre cuando las [&hellip;]<\/p>\n","protected":false},"author":2476,"featured_media":59997,"comment_status":"open","ping_status":"open","sticky":false,"template":"","format":"standard","meta":{"_jetpack_memberships_contains_paid_content":false,"footnotes":""},"categories":[8],"tags":[],"class_list":["post-59996","post","type-post","status-publish","format-standard","has-post-thumbnail","hentry","category-region"],"jetpack_featured_media_url":"https:\/\/encuentroinformativo.com.mx\/wp-content\/uploads\/2024\/10\/IMG-20241026-WA0047.jpg","jetpack_sharing_enabled":true,"jetpack_likes_enabled":true,"amp_enabled":true,"_links":{"self":[{"href":"https:\/\/encuentroinformativo.com.mx\/index.php?rest_route=\/wp\/v2\/posts\/59996","targetHints":{"allow":["GET"]}}],"collection":[{"href":"https:\/\/encuentroinformativo.com.mx\/index.php?rest_route=\/wp\/v2\/posts"}],"about":[{"href":"https:\/\/encuentroinformativo.com.mx\/index.php?rest_route=\/wp\/v2\/types\/post"}],"author":[{"embeddable":true,"href":"https:\/\/encuentroinformativo.com.mx\/index.php?rest_route=\/wp\/v2\/users\/2476"}],"replies":[{"embeddable":true,"href":"https:\/\/encuentroinformativo.com.mx\/index.php?rest_route=%2Fwp%2Fv2%2Fcomments&post=59996"}],"version-history":[{"count":1,"href":"https:\/\/encuentroinformativo.com.mx\/index.php?rest_route=\/wp\/v2\/posts\/59996\/revisions"}],"predecessor-version":[{"id":59999,"href":"https:\/\/encuentroinformativo.com.mx\/index.php?rest_route=\/wp\/v2\/posts\/59996\/revisions\/59999"}],"wp:featuredmedia":[{"embeddable":true,"href":"https:\/\/encuentroinformativo.com.mx\/index.php?rest_route=\/wp\/v2\/media\/59997"}],"wp:attachment":[{"href":"https:\/\/encuentroinformativo.com.mx\/index.php?rest_route=%2Fwp%2Fv2%2Fmedia&parent=59996"}],"wp:term":[{"taxonomy":"category","embeddable":true,"href":"https:\/\/encuentroinformativo.com.mx\/index.php?rest_route=%2Fwp%2Fv2%2Fcategories&post=59996"},{"taxonomy":"post_tag","embeddable":true,"href":"https:\/\/encuentroinformativo.com.mx\/index.php?rest_route=%2Fwp%2Fv2%2Ftags&post=59996"}],"curies":[{"name":"wp","href":"https:\/\/api.w.org\/{rel}","templated":true}]}}