{"id":60003,"date":"2024-10-26T17:22:36","date_gmt":"2024-10-26T23:22:36","guid":{"rendered":"https:\/\/encuentroinformativo.com.mx\/?p=60003"},"modified":"2024-10-26T17:22:41","modified_gmt":"2024-10-26T23:22:41","slug":"habra-alianza-parcial-pvem","status":"publish","type":"post","link":"https:\/\/encuentroinformativo.com.mx\/?p=60003","title":{"rendered":"Habr\u00e1 alianza parcial: PVEM"},"content":{"rendered":"\n<p><strong>Dar\u00edo Pale<\/strong><\/p>\n\n\n\n<p>Xalapa, Ver.- Ya se reuni\u00f3 con sus hom\u00f3logos de Morena, Esteban Ram\u00edrez Zepeta y del PT, Vicente Aguilar Aguilar y el comisionado nacional Ram\u00f3n D\u00edaz \u00c1vila, as\u00ed lo dio a conocer el diputado electo y dirigente del Verde Ecologista, Carlos Marcelo Ruiz.<\/p>\n\n\n\n<p>Se\u00f1al\u00f3 que, durante la reuni\u00f3n, plante\u00f3 que han analizado los resultados de las elecciones y las fortalezas de cada uno de los institutos pol\u00edticos, con la idea de garantizar el triunfo en la jornada del 1 de junio.<\/p>\n\n\n\n<p>\u201cLo que m\u00e1s nos conviene electoralmente, es que lleguen veracruzanos y veracruzanas responsables que le sirvan a Veracruz. Disgregar o separar la conveniencia de un buen gobierno, de una vista corta de votos, no es pensar en el pueblo, ni en la representaci\u00f3n que tiene un partido con la gente\u201d, coment\u00f3.<\/p>\n\n\n\n<p>\u201cSe puede tener un buen candidato, que tenga votos del Verde, con o sin coalici\u00f3n tenga la oportunidad de llegar a servir al Pueblo, para que haya credibilidad, respeto y sobre todo, reivindicaci\u00f3n de la pol\u00edtica\u201d, agreg\u00f3.<\/p>\n\n\n\n<p>Explic\u00f3 que su dirigencia ha caminado el estado buscando construir cuadros con credibilidad, que les permitan seguir creciendo en la preferencia del electorado y que garanticen eficiencia, transparencia y compromiso con la administraci\u00f3n p\u00fablica; confirm\u00f3 que de momento la coalici\u00f3n ser\u00eda parcial.<\/p>\n\n\n\n<p>Por \u00faltimo comento, \u201chemos tenido pl\u00e1ticas (\u2026) hemos hecho una revisi\u00f3n de los resultados, de los cuadros que cada uno tiene. Vamos a ir en coalici\u00f3n, pero las condiciones se van a ver apenas, estamos platicando, viendo d\u00f3nde hay concurrencias\u201d.<\/p>\n","protected":false},"excerpt":{"rendered":"<p>Dar\u00edo Pale Xalapa, Ver.- Ya se reuni\u00f3 con sus hom\u00f3logos de Morena, Esteban Ram\u00edrez Zepeta y del PT, Vicente Aguilar Aguilar y el comisionado nacional Ram\u00f3n D\u00edaz \u00c1vila, as\u00ed lo dio a conocer el diputado electo y dirigente del Verde Ecologista, Carlos Marcelo Ruiz. Se\u00f1al\u00f3 que, durante la reuni\u00f3n, plante\u00f3 que han analizado los resultados [&hellip;]<\/p>\n","protected":false},"author":2476,"featured_media":60004,"comment_status":"open","ping_status":"open","sticky":false,"template":"","format":"standard","meta":{"_jetpack_memberships_contains_paid_content":false,"footnotes":""},"categories":[2],"tags":[],"class_list":["post-60003","post","type-post","status-publish","format-standard","has-post-thumbnail","hentry","category-estado"],"jetpack_featured_media_url":"https:\/\/encuentroinformativo.com.mx\/wp-content\/uploads\/2024\/10\/IMG-20241026-WA0055.jpg","jetpack_sharing_enabled":true,"jetpack_likes_enabled":true,"amp_enabled":true,"_links":{"self":[{"href":"https:\/\/encuentroinformativo.com.mx\/index.php?rest_route=\/wp\/v2\/posts\/60003","targetHints":{"allow":["GET"]}}],"collection":[{"href":"https:\/\/encuentroinformativo.com.mx\/index.php?rest_route=\/wp\/v2\/posts"}],"about":[{"href":"https:\/\/encuentroinformativo.com.mx\/index.php?rest_route=\/wp\/v2\/types\/post"}],"author":[{"embeddable":true,"href":"https:\/\/encuentroinformativo.com.mx\/index.php?rest_route=\/wp\/v2\/users\/2476"}],"replies":[{"embeddable":true,"href":"https:\/\/encuentroinformativo.com.mx\/index.php?rest_route=%2Fwp%2Fv2%2Fcomments&post=60003"}],"version-history":[{"count":1,"href":"https:\/\/encuentroinformativo.com.mx\/index.php?rest_route=\/wp\/v2\/posts\/60003\/revisions"}],"predecessor-version":[{"id":60005,"href":"https:\/\/encuentroinformativo.com.mx\/index.php?rest_route=\/wp\/v2\/posts\/60003\/revisions\/60005"}],"wp:featuredmedia":[{"embeddable":true,"href":"https:\/\/encuentroinformativo.com.mx\/index.php?rest_route=\/wp\/v2\/media\/60004"}],"wp:attachment":[{"href":"https:\/\/encuentroinformativo.com.mx\/index.php?rest_route=%2Fwp%2Fv2%2Fmedia&parent=60003"}],"wp:term":[{"taxonomy":"category","embeddable":true,"href":"https:\/\/encuentroinformativo.com.mx\/index.php?rest_route=%2Fwp%2Fv2%2Fcategories&post=60003"},{"taxonomy":"post_tag","embeddable":true,"href":"https:\/\/encuentroinformativo.com.mx\/index.php?rest_route=%2Fwp%2Fv2%2Ftags&post=60003"}],"curies":[{"name":"wp","href":"https:\/\/api.w.org\/{rel}","templated":true}]}}