{"id":60006,"date":"2024-10-26T17:26:46","date_gmt":"2024-10-26T23:26:46","guid":{"rendered":"https:\/\/encuentroinformativo.com.mx\/?p=60006"},"modified":"2024-10-26T17:26:52","modified_gmt":"2024-10-26T23:26:52","slug":"falta-de-empleo-principal-problema-en-jamapa","status":"publish","type":"post","link":"https:\/\/encuentroinformativo.com.mx\/?p=60006","title":{"rendered":"Falta de empleo, principal problema en Jamapa"},"content":{"rendered":"\n<p><strong>Alejandro \u00c1vila<\/strong><\/p>\n\n\n\n<p>Boca del R\u00edo, Ver.- Uno de las principales problemas que aqueja la ciudadan\u00eda en Jamapa es la falta de empleo, situaci\u00f3n que los hace migrar a municipios vecinos para buscar el sustento, mencion\u00f3 el presidente de la Fundaci\u00f3n CBRO, Pablo Caballero P\u00e9rez.<\/p>\n\n\n\n<p>&#8220;La falta de trabajo, la falta de trabajo local, todos ellos tienen que venir a Boca el R\u00edo, Medell\u00edn, Veracruz, a veces les cuesta mucho como ya en otras veces lo he comentado, el que ellos salgan luego tiene que ser muy temprano, el costo del pasaje 20 pesos, tienen que quedarse por ac\u00e1 porque no te va a dar tiempo de ir a tu casa a comer en Jamapa, el costo de venir a trabajar a veces puede ser m\u00e1s alto que lo que ganas en una semana&#8221;, expres\u00f3<\/p>\n\n\n\n<p>La Fundaci\u00f3n CBRO ha llevado al municipio y sus localidades talleres y conferencias, con la finalidad de mejorar los protocolos empresariales, a fin de que los ciudadanos tengan herramientas suficientes para mejorar sus negocios.<\/p>\n\n\n\n<p>En otro tema, mencion\u00f3 que el municipio de Jamapa puede ser una opci\u00f3n tur\u00edstica o industrial, debido a que hay espacio para que varias empresas puedan instalar sus bodegas dentro de los l\u00edmites del municipio, y de esta manera poder generar empleos para los ciudadanos de la zona.<\/p>\n","protected":false},"excerpt":{"rendered":"<p>Alejandro \u00c1vila Boca del R\u00edo, Ver.- Uno de las principales problemas que aqueja la ciudadan\u00eda en Jamapa es la falta de empleo, situaci\u00f3n que los hace migrar a municipios vecinos para buscar el sustento, mencion\u00f3 el presidente de la Fundaci\u00f3n CBRO, Pablo Caballero P\u00e9rez. &#8220;La falta de trabajo, la falta de trabajo local, todos ellos [&hellip;]<\/p>\n","protected":false},"author":2476,"featured_media":60007,"comment_status":"open","ping_status":"open","sticky":false,"template":"","format":"standard","meta":{"_jetpack_memberships_contains_paid_content":false,"footnotes":""},"categories":[2],"tags":[],"class_list":["post-60006","post","type-post","status-publish","format-standard","has-post-thumbnail","hentry","category-estado"],"jetpack_featured_media_url":"https:\/\/encuentroinformativo.com.mx\/wp-content\/uploads\/2024\/10\/IMG-20241026-WA0046.jpg","jetpack_sharing_enabled":true,"jetpack_likes_enabled":true,"amp_enabled":true,"_links":{"self":[{"href":"https:\/\/encuentroinformativo.com.mx\/index.php?rest_route=\/wp\/v2\/posts\/60006","targetHints":{"allow":["GET"]}}],"collection":[{"href":"https:\/\/encuentroinformativo.com.mx\/index.php?rest_route=\/wp\/v2\/posts"}],"about":[{"href":"https:\/\/encuentroinformativo.com.mx\/index.php?rest_route=\/wp\/v2\/types\/post"}],"author":[{"embeddable":true,"href":"https:\/\/encuentroinformativo.com.mx\/index.php?rest_route=\/wp\/v2\/users\/2476"}],"replies":[{"embeddable":true,"href":"https:\/\/encuentroinformativo.com.mx\/index.php?rest_route=%2Fwp%2Fv2%2Fcomments&post=60006"}],"version-history":[{"count":1,"href":"https:\/\/encuentroinformativo.com.mx\/index.php?rest_route=\/wp\/v2\/posts\/60006\/revisions"}],"predecessor-version":[{"id":60008,"href":"https:\/\/encuentroinformativo.com.mx\/index.php?rest_route=\/wp\/v2\/posts\/60006\/revisions\/60008"}],"wp:featuredmedia":[{"embeddable":true,"href":"https:\/\/encuentroinformativo.com.mx\/index.php?rest_route=\/wp\/v2\/media\/60007"}],"wp:attachment":[{"href":"https:\/\/encuentroinformativo.com.mx\/index.php?rest_route=%2Fwp%2Fv2%2Fmedia&parent=60006"}],"wp:term":[{"taxonomy":"category","embeddable":true,"href":"https:\/\/encuentroinformativo.com.mx\/index.php?rest_route=%2Fwp%2Fv2%2Fcategories&post=60006"},{"taxonomy":"post_tag","embeddable":true,"href":"https:\/\/encuentroinformativo.com.mx\/index.php?rest_route=%2Fwp%2Fv2%2Ftags&post=60006"}],"curies":[{"name":"wp","href":"https:\/\/api.w.org\/{rel}","templated":true}]}}