{"id":60009,"date":"2024-10-26T17:29:57","date_gmt":"2024-10-26T23:29:57","guid":{"rendered":"https:\/\/encuentroinformativo.com.mx\/?p=60009"},"modified":"2024-10-26T17:30:02","modified_gmt":"2024-10-26T23:30:02","slug":"programa-de-desarrollo-urbano-impulsara-el-crecimiento-industrial-en-manlio-fabio-altamirano","status":"publish","type":"post","link":"https:\/\/encuentroinformativo.com.mx\/?p=60009","title":{"rendered":"Programa de Desarrollo Urbano Impulsar\u00e1 el Crecimiento Industrial en Manlio Fabio Altamirano"},"content":{"rendered":"\n<p>Manlio Fabio Altamirano, Ver.- En una reciente consulta p\u00fablica realizada por el Ayuntamiento de Manlio Fabio Altamirano, en coordinaci\u00f3n con la Secretar\u00eda de Desarrollo Urbano y Ordenamiento Territorial (SEDESOL), se dio un paso significativo hacia la transformaci\u00f3n de este municipio en un lugar con desarrollo industrial en la regi\u00f3n.<\/p>\n\n\n\n<p>La presidenta municipal, Ana Lilia Arrieta Guti\u00e9rrez, ha mostrado un gran inter\u00e9s en la materializaci\u00f3n de estos trabajos, destacando la importancia de un desarrollo sostenible y ordenado para el municipio. Las autoridades locales y estatales est\u00e1n trabajando en conjunto para asegurar la creaci\u00f3n de un Programa de Desarrollo Urbano que sirva de gu\u00eda para que el municipio resuelva sus necesidades m\u00e1s primordiales en servicios de infraestructura y equipamiento urbano.<\/p>\n\n\n\n<p>El s\u00edndico \u00fanico, Lic. Benjam\u00edn Torres Hern\u00e1ndez, destac\u00f3 que esta iniciativa traer\u00e1, entre otras oportunidades, mejorar las condiciones urbanas para la instalaci\u00f3n de nuevas empresas y con ello la creaci\u00f3n de numerosos empleos para los habitantes locales.<\/p>\n\n\n\n<p>Expres\u00f3 que la cercan\u00eda con el puerto de Veracruz ha ayudado a que la mancha industrial se expanda hacia Manlio Fabio Altamirano.<\/p>\n\n\n\n<p>\u201cYa tenemos en puerta tres nuevas empresas interesadas en invertir aqu\u00ed&#8221;. De ah\u00ed la urgencia de contar con dicho Programa de Desarrollo Urbano que genere las condiciones para ellos y futuros empresarios, para quienes, se\u00f1al\u00f3, &#8220;tenemos un espacio dedicado para su instalaci\u00f3n&#8221;, afirm\u00f3 Torres Hern\u00e1ndez.<\/p>\n\n\n\n<p>Por su parte, Elda S\u00e1nchez Manzano, Directora General de Desarrollo Urbano y Ordenamiento Territorial de la SEDESOL, subray\u00f3 que las empresas buscan lugares donde haya un suelo ya designado, pues se sabe que no se puede invertir recursos si no se sientan las bases a trav\u00e9s de este programa de planeaci\u00f3n. Adem\u00e1s, afirm\u00f3 que al contar con dicho documento, se da certeza jur\u00eddica a futuros inversionistas.<\/p>\n\n\n\n<p>La representante de la SEDESOL tambi\u00e9n se\u00f1al\u00f3 la importancia de regularizar los asentamientos humanos y ejidos existentes en Manlio Fabio Altamirano, ya que este hecho facilitar\u00e1 la llegada de recursos necesarios para fomentar el desarrollo industrial que se planifica en la regi\u00f3n.<\/p>\n","protected":false},"excerpt":{"rendered":"<p>Manlio Fabio Altamirano, Ver.- En una reciente consulta p\u00fablica realizada por el Ayuntamiento de Manlio Fabio Altamirano, en coordinaci\u00f3n con la Secretar\u00eda de Desarrollo Urbano y Ordenamiento Territorial (SEDESOL), se dio un paso significativo hacia la transformaci\u00f3n de este municipio en un lugar con desarrollo industrial en la regi\u00f3n. La presidenta municipal, Ana Lilia Arrieta [&hellip;]<\/p>\n","protected":false},"author":2476,"featured_media":60010,"comment_status":"open","ping_status":"open","sticky":false,"template":"","format":"standard","meta":{"_jetpack_memberships_contains_paid_content":false,"footnotes":""},"categories":[2],"tags":[],"class_list":["post-60009","post","type-post","status-publish","format-standard","has-post-thumbnail","hentry","category-estado"],"jetpack_featured_media_url":"https:\/\/encuentroinformativo.com.mx\/wp-content\/uploads\/2024\/10\/IMG-20241026-WA0023.jpg","jetpack_sharing_enabled":true,"jetpack_likes_enabled":true,"amp_enabled":true,"_links":{"self":[{"href":"https:\/\/encuentroinformativo.com.mx\/index.php?rest_route=\/wp\/v2\/posts\/60009","targetHints":{"allow":["GET"]}}],"collection":[{"href":"https:\/\/encuentroinformativo.com.mx\/index.php?rest_route=\/wp\/v2\/posts"}],"about":[{"href":"https:\/\/encuentroinformativo.com.mx\/index.php?rest_route=\/wp\/v2\/types\/post"}],"author":[{"embeddable":true,"href":"https:\/\/encuentroinformativo.com.mx\/index.php?rest_route=\/wp\/v2\/users\/2476"}],"replies":[{"embeddable":true,"href":"https:\/\/encuentroinformativo.com.mx\/index.php?rest_route=%2Fwp%2Fv2%2Fcomments&post=60009"}],"version-history":[{"count":1,"href":"https:\/\/encuentroinformativo.com.mx\/index.php?rest_route=\/wp\/v2\/posts\/60009\/revisions"}],"predecessor-version":[{"id":60011,"href":"https:\/\/encuentroinformativo.com.mx\/index.php?rest_route=\/wp\/v2\/posts\/60009\/revisions\/60011"}],"wp:featuredmedia":[{"embeddable":true,"href":"https:\/\/encuentroinformativo.com.mx\/index.php?rest_route=\/wp\/v2\/media\/60010"}],"wp:attachment":[{"href":"https:\/\/encuentroinformativo.com.mx\/index.php?rest_route=%2Fwp%2Fv2%2Fmedia&parent=60009"}],"wp:term":[{"taxonomy":"category","embeddable":true,"href":"https:\/\/encuentroinformativo.com.mx\/index.php?rest_route=%2Fwp%2Fv2%2Fcategories&post=60009"},{"taxonomy":"post_tag","embeddable":true,"href":"https:\/\/encuentroinformativo.com.mx\/index.php?rest_route=%2Fwp%2Fv2%2Ftags&post=60009"}],"curies":[{"name":"wp","href":"https:\/\/api.w.org\/{rel}","templated":true}]}}