{"id":60012,"date":"2024-10-26T17:41:19","date_gmt":"2024-10-26T23:41:19","guid":{"rendered":"https:\/\/encuentroinformativo.com.mx\/?p=60012"},"modified":"2024-10-26T17:41:23","modified_gmt":"2024-10-26T23:41:23","slug":"en-breve-concluira-rehabilitacion-del-agora","status":"publish","type":"post","link":"https:\/\/encuentroinformativo.com.mx\/?p=60012","title":{"rendered":"En breve concluir\u00e1 rehabilitaci\u00f3n del \u00c1gora"},"content":{"rendered":"\n<p><strong>Dar\u00edo Pale<\/strong><\/p>\n\n\n\n<p>Xalapa, Ver.- Antes de que concluya noviembre concluir\u00e1 la obra de rehabilitaci\u00f3n del \u00c1gora de la Ciudad, cerrada desde hace casi un a\u00f1o por una rehabilitaci\u00f3n a causa de filtraci\u00f3n de agua en los techos, as\u00ed lo dio a conocer la secretaria de Cultura en el estado, Silvia Alejandre Prado.<\/p>\n\n\n\n<p>En entrevista asegur\u00f3 que quedar\u00e1 lista antes de que termine el sexenio, pues asegur\u00f3 que la rehabilitaci\u00f3n a cargo de la Secretar\u00eda de Infraestructura y Obra P\u00fablica lleva por lo menos un 80 por ciento de avance.\u00a0<\/p>\n\n\n\n<p>\u201cEspero que el se\u00f1or gobernador, encontremos un espacio en su agenda para que antes de concluir el mes de noviembre la venga a inaugurar. Estamos listos, hay importantes avances, pero no se ha quitado la cimbra para que precisamente sea una sorpresa, cuando quitemos la cimbra ver\u00e1n que est\u00e1 listo\u201d, se\u00f1al\u00f3.<\/p>\n\n\n\n<p>Detall\u00f3 que se rehabilit\u00f3 la sala de exposiciones y que en el auditorio se moderniz\u00f3 el sistema de audio y de aire acondicionado por lo que \u201cser\u00e1 una de las salas mejores equipadas del pa\u00eds\u201d.<\/p>\n\n\n\n<p>Record\u00f3 que antes de que se comenzar\u00e1 a filtrar el agua por el techo a consecuencia de la instalaci\u00f3n de una p\u00e9rgola durante el gobierno municipal de Hip\u00f3lito Rodr\u00edguez Herrero, ya se hab\u00eda gestionado una gran pantalla de mejor resoluci\u00f3n y un nuevo proyector a trav\u00e9s de un concurso.<\/p>\n\n\n\n<p>\u201cEstamos listos para instalar ya otra vez y esto va a quedar como nuevo\u201d.\u00a0<\/p>\n\n\n\n<p>Finalmente dijo que es el recinto cultural m\u00e1s antiguo en Xalapa se reabrir\u00e1 para ser sede de diferentes eventos de cine y de exhibici\u00f3n de exposiciones.\u00a0<\/p>\n","protected":false},"excerpt":{"rendered":"<p>Dar\u00edo Pale Xalapa, Ver.- Antes de que concluya noviembre concluir\u00e1 la obra de rehabilitaci\u00f3n del \u00c1gora de la Ciudad, cerrada desde hace casi un a\u00f1o por una rehabilitaci\u00f3n a causa de filtraci\u00f3n de agua en los techos, as\u00ed lo dio a conocer la secretaria de Cultura en el estado, Silvia Alejandre Prado. En entrevista asegur\u00f3 [&hellip;]<\/p>\n","protected":false},"author":2476,"featured_media":60013,"comment_status":"open","ping_status":"open","sticky":false,"template":"","format":"standard","meta":{"_jetpack_memberships_contains_paid_content":false,"footnotes":""},"categories":[3],"tags":[],"class_list":["post-60012","post","type-post","status-publish","format-standard","has-post-thumbnail","hentry","category-xalapa"],"jetpack_featured_media_url":"https:\/\/encuentroinformativo.com.mx\/wp-content\/uploads\/2024\/10\/IMG-20241026-WA00572.jpg","jetpack_sharing_enabled":true,"jetpack_likes_enabled":true,"amp_enabled":true,"_links":{"self":[{"href":"https:\/\/encuentroinformativo.com.mx\/index.php?rest_route=\/wp\/v2\/posts\/60012","targetHints":{"allow":["GET"]}}],"collection":[{"href":"https:\/\/encuentroinformativo.com.mx\/index.php?rest_route=\/wp\/v2\/posts"}],"about":[{"href":"https:\/\/encuentroinformativo.com.mx\/index.php?rest_route=\/wp\/v2\/types\/post"}],"author":[{"embeddable":true,"href":"https:\/\/encuentroinformativo.com.mx\/index.php?rest_route=\/wp\/v2\/users\/2476"}],"replies":[{"embeddable":true,"href":"https:\/\/encuentroinformativo.com.mx\/index.php?rest_route=%2Fwp%2Fv2%2Fcomments&post=60012"}],"version-history":[{"count":1,"href":"https:\/\/encuentroinformativo.com.mx\/index.php?rest_route=\/wp\/v2\/posts\/60012\/revisions"}],"predecessor-version":[{"id":60014,"href":"https:\/\/encuentroinformativo.com.mx\/index.php?rest_route=\/wp\/v2\/posts\/60012\/revisions\/60014"}],"wp:featuredmedia":[{"embeddable":true,"href":"https:\/\/encuentroinformativo.com.mx\/index.php?rest_route=\/wp\/v2\/media\/60013"}],"wp:attachment":[{"href":"https:\/\/encuentroinformativo.com.mx\/index.php?rest_route=%2Fwp%2Fv2%2Fmedia&parent=60012"}],"wp:term":[{"taxonomy":"category","embeddable":true,"href":"https:\/\/encuentroinformativo.com.mx\/index.php?rest_route=%2Fwp%2Fv2%2Fcategories&post=60012"},{"taxonomy":"post_tag","embeddable":true,"href":"https:\/\/encuentroinformativo.com.mx\/index.php?rest_route=%2Fwp%2Fv2%2Ftags&post=60012"}],"curies":[{"name":"wp","href":"https:\/\/api.w.org\/{rel}","templated":true}]}}