{"id":60020,"date":"2024-10-27T15:18:06","date_gmt":"2024-10-27T21:18:06","guid":{"rendered":"https:\/\/encuentroinformativo.com.mx\/?p=60020"},"modified":"2024-10-27T15:18:12","modified_gmt":"2024-10-27T21:18:12","slug":"iniciativa-de-ley-que-reforma-el-uso-de-armas-de-fuego","status":"publish","type":"post","link":"https:\/\/encuentroinformativo.com.mx\/?p=60020","title":{"rendered":"Iniciativa de Ley que reforma el uso de Armas de Fuego"},"content":{"rendered":"\n<p><strong>Redacci\u00f3n <\/strong><\/p>\n\n\n\n<p>Xalapa, Ver.- La Secretar\u00eda de Gobernaci\u00f3n p\u00fablico a trav\u00e9s de su gaceta parlamentaria la reforma propuesta por la administraci\u00f3n anterior quien envi\u00f3 a la C\u00e1mara de Diputados una iniciativa para endurecer las medidas contra el tr\u00e1fico y uso il\u00edcito de armas de fuego, propuesta en la que expone que integrantes de empresas p\u00fablicas y \u00f3rganos aut\u00f3nomos como Petr\u00f3leos Mexicanos, Comisi\u00f3n Federal de Electricidad, el Centro Nacional de Inteligencia e incluso el Servicio de Administraci\u00f3n Tributaria puedan portar armas.<\/p>\n\n\n\n<p>Dicha propuesta aprobada es con la finalidad de regular el uso de calibres como el 5.7 por la potencia que tienen, y el .357 el cual tambi\u00e9n tiene sus cualidades ya que supera al .380 que si puede ser registrado para uso personal pero solo para seguridad del hogar.<\/p>\n\n\n\n<p>Algunos clubes de tiro se les permit\u00eda el registro de este tipo de calibres ya que la ley no era muy clara al respecto si era de uso exclusivo del ej\u00e9rcito ya que en algunas Regiones Militares si autorizaban el registro de dichas armas y en otras se negaban a hacer dicho registro por eso se modific\u00f3 la ley a trav\u00e9s de esta reforma.<\/p>\n\n\n\n<p>Dicha iniciativa se envi\u00f3 a la Comisi\u00f3n de Defensa, para que se analizar\u00e1 y en cuanto se integr\u00f3 se puso en marcha a partir de este mes de octubre, M\u00e9xico es prioridad la seguridad de las \u00e1reas estrat\u00e9gicas y la seguridad p\u00fablica. En esta iniciativa se propuso que integrantes de empresas p\u00fablicas paraestatales, \u00f3rganos aut\u00f3nomos, entre otras CFE, Pemex, Banco de M\u00e9xico, Casa de La Moneda, CNI y SAT y personas f\u00edsicas o morales puedan portar armas de fuego para el desarrollo de sus funciones de seguridad que emita la Secretar\u00eda de la Defensa Nacional siempre y cuando cumplan con los requisitos exigidos por dicha dependencia.<\/p>\n\n\n\n<p>Esta iniciativa servir\u00e1 para endurecer las medidas contra el tr\u00e1fico y uso il\u00edcito de armas de fuego. Al respecto, en el art\u00edculo 24, fracci\u00f3n II de la citada ley se plantea que puedan portar armas de fuego, en los casos y con las condiciones y requisitos que establecen la presente ley y su reglamento, los integrantes de\u2026 los organismos que, por sus funciones de car\u00e1cter p\u00fablico, justifiquen su necesidad\u201d.<\/p>\n\n\n\n<p>La iniciativa plantea aumentar los tipos de calibre de armas y municiones que son consideradas como exclusivas de las fuerzas armadas, as\u00ed como de las armas accionadas por gas o aire comprimido, e incluso regular el transporte de las armas que utilicen competidores ol\u00edmpicos entre sus domicilios y los campos de tiro, que tambi\u00e9n ser\u00e1n sujetos a regulaci\u00f3n.<\/p>\n\n\n\n<p>La reforma propuesta es con la finalidad de mantener un pa\u00eds seguro y ordenado en cuanto al uso de armas de fuego y de quienes las porten o hagan uso de ellas por eso son las restricciones y aplicaci\u00f3n de esta nueva reforma a la ley.<\/p>\n\n\n\n<p>As\u00ed mismo se contempla y se regula la actuaci\u00f3n del personal Militar del Ej\u00e9rcito y Fuerza A\u00e9rea y Armada de M\u00e9xico en activo y situaci\u00f3n de retiro, que presten servicios de seguridad p\u00fablica y privada, para evitar que empleen, de manera irregular, sus armas de fuego y con el fin de que se apeguen a lo establecido en el art\u00edculo 32, fracci\u00f3n IV, de la Ley Federal de seguridad privada, que le obliga a utilizar \u00fanicamente el equipo y armamento registrado ante la Direcci\u00f3n General que corresponde.<\/p>\n","protected":false},"excerpt":{"rendered":"<p>Redacci\u00f3n Xalapa, Ver.- La Secretar\u00eda de Gobernaci\u00f3n p\u00fablico a trav\u00e9s de su gaceta parlamentaria la reforma propuesta por la administraci\u00f3n anterior quien envi\u00f3 a la C\u00e1mara de Diputados una iniciativa para endurecer las medidas contra el tr\u00e1fico y uso il\u00edcito de armas de fuego, propuesta en la que expone que integrantes de empresas p\u00fablicas y [&hellip;]<\/p>\n","protected":false},"author":2476,"featured_media":4991,"comment_status":"open","ping_status":"open","sticky":false,"template":"","format":"standard","meta":{"_jetpack_memberships_contains_paid_content":false,"footnotes":""},"categories":[2],"tags":[],"class_list":["post-60020","post","type-post","status-publish","format-standard","has-post-thumbnail","hentry","category-estado"],"jetpack_featured_media_url":"https:\/\/encuentroinformativo.com.mx\/wp-content\/uploads\/2020\/08\/3886EA4E-5EED-4398-841D-DDB66A3BB930.jpeg","jetpack_sharing_enabled":true,"jetpack_likes_enabled":true,"amp_enabled":true,"_links":{"self":[{"href":"https:\/\/encuentroinformativo.com.mx\/index.php?rest_route=\/wp\/v2\/posts\/60020","targetHints":{"allow":["GET"]}}],"collection":[{"href":"https:\/\/encuentroinformativo.com.mx\/index.php?rest_route=\/wp\/v2\/posts"}],"about":[{"href":"https:\/\/encuentroinformativo.com.mx\/index.php?rest_route=\/wp\/v2\/types\/post"}],"author":[{"embeddable":true,"href":"https:\/\/encuentroinformativo.com.mx\/index.php?rest_route=\/wp\/v2\/users\/2476"}],"replies":[{"embeddable":true,"href":"https:\/\/encuentroinformativo.com.mx\/index.php?rest_route=%2Fwp%2Fv2%2Fcomments&post=60020"}],"version-history":[{"count":1,"href":"https:\/\/encuentroinformativo.com.mx\/index.php?rest_route=\/wp\/v2\/posts\/60020\/revisions"}],"predecessor-version":[{"id":60021,"href":"https:\/\/encuentroinformativo.com.mx\/index.php?rest_route=\/wp\/v2\/posts\/60020\/revisions\/60021"}],"wp:featuredmedia":[{"embeddable":true,"href":"https:\/\/encuentroinformativo.com.mx\/index.php?rest_route=\/wp\/v2\/media\/4991"}],"wp:attachment":[{"href":"https:\/\/encuentroinformativo.com.mx\/index.php?rest_route=%2Fwp%2Fv2%2Fmedia&parent=60020"}],"wp:term":[{"taxonomy":"category","embeddable":true,"href":"https:\/\/encuentroinformativo.com.mx\/index.php?rest_route=%2Fwp%2Fv2%2Fcategories&post=60020"},{"taxonomy":"post_tag","embeddable":true,"href":"https:\/\/encuentroinformativo.com.mx\/index.php?rest_route=%2Fwp%2Fv2%2Ftags&post=60020"}],"curies":[{"name":"wp","href":"https:\/\/api.w.org\/{rel}","templated":true}]}}