{"id":60025,"date":"2024-10-28T12:19:19","date_gmt":"2024-10-28T18:19:19","guid":{"rendered":"https:\/\/encuentroinformativo.com.mx\/?p=60025"},"modified":"2024-10-28T12:19:25","modified_gmt":"2024-10-28T18:19:25","slug":"tras-detencion-de-pseudo-intermediarios-reconocen-transparencia-en-el-ran","status":"publish","type":"post","link":"https:\/\/encuentroinformativo.com.mx\/?p=60025","title":{"rendered":"Tras detenci\u00f3n de pseudo intermediarios, reconocen transparencia en el RAN"},"content":{"rendered":"\n<p><strong>Dar\u00edo Pale <\/strong><\/p>\n\n\n\n<p>Xalapa, Ver.- Reconocen transparencia en el Registro Agrario Nacional, (RAN), el comit\u00e9 del Plan de Justicia destaca el combate a la corrupci\u00f3n, as\u00ed lo dio a conocer Santos Marcial Lucas, integrante del Comit\u00e9.<\/p>\n\n\n\n<p>Los integrantes del Comit\u00e9 del Plan de Justicia de los Pueblos Afectados de la Presa de Temascal y Cerro de Oro del Reacomodo Veracruzano reconocieron el trabajo transparente del Registro Agrario Nacional (RAN) en favor del campo veracruzano.\u00a0<\/p>\n\n\n\n<p>Lo anterior, a partir de las itinerancias que ha estado realizando el RAN, en el marco\u00a0 de los acuerdos establecidos con el referido comit\u00e9,<\/p>\n\n\n\n<p>&#8220;Con estas acciones cubre en cierta forma la expectativa esperada en lo urbano y en lo rural en el campo veracruzano&#8221;.<\/p>\n\n\n\n<p>Asimismo, destac\u00f3 acciones como la entrega de los Certificados Parcelarios, T\u00edtulos de Propiedades y la Lista de Sucesi\u00f3n de Derechos Agrarios.\u00a0<\/p>\n\n\n\n<p>&#8220;Dar certeza jur\u00eddica y poder sobre las posesiones parcelarias y urbanas son acciones que alienta y estimula la cuesti\u00f3n de que es posible marcar la diferencia en el que hacer en el campo veracruzano&#8221;, se\u00f1al\u00f3.<\/p>\n\n\n\n<p>Adem\u00e1s, destac\u00f3 la pol\u00edtica de un RAN cercano a la gente, cero corrupci\u00f3n, venga de donde venga, &#8220;como el hecho reciente, en el que la instituci\u00f3n puso a disposici\u00f3n de la autoridad competente a un pseudo abogado y\/o gestor, quienes lucran con el problema del campo en perjuicio de los campesinos&#8221;.<\/p>\n\n\n\n<p>Aunado a ello, se\u00f1al\u00f3 que el RAN\u00a0 refuerza el compromiso de la instituci\u00f3n con la legalidad, al mismo tiempo que otorga mayores potestades\u00a0 y fortaleza a los ejidos y comunidades y particularmente a los pueblos originarios y afromexicanos.<\/p>\n\n\n\n<p>&#8220;Sin dejar de lado los temas agrarios pendientes con el RAN y las dem\u00e1s instituciones del sector agrario, el Comit\u00e9 del Plan de Justicia manifiesta su reconocimiento y respaldo al RAN como instituci\u00f3n por los avances logrados&#8221;, coment\u00f3.<\/p>\n\n\n\n<p>Por ello, llam\u00f3 a coordinar esfuerzos para avanzar con la agenda agraria pendiente con los pueblos originarios mazatecos y chinantecos afectados por la Presa de Cerro de Oro y Temascal reacomodados en el Estado de Veracruz.<\/p>\n\n\n\n<p>&#8220;Los pueblos originarios somos sujetos de derecho p\u00fablico, con personalidad jur\u00eddica y patrimonio propio, es necesario coordinar esfuerzos para que el sector agrario coadyuve con las asesor\u00edas para\u00a0 las adecuaciones y modificaciones necesarias de las normas internas de las comunidades y ejidos con base en las reformas constitucionales recientes en materia ind\u00edgena&#8221;, inform\u00f3.<\/p>\n\n\n\n<p>Por \u00faltimo indic\u00f3 que estar\u00e1n atentos de la voluntad y sensibilidad pol\u00edtica para llevar a cabo las acciones necesarias\u00a0 de las instituciones del sector agrario, &#8220;en consonancia a las reformas ind\u00edgenas, en respuesta tambi\u00e9n, a los planteamientos del Comit\u00e9 del Plan de Justicia.<\/p>\n","protected":false},"excerpt":{"rendered":"<p>Dar\u00edo Pale Xalapa, Ver.- Reconocen transparencia en el Registro Agrario Nacional, (RAN), el comit\u00e9 del Plan de Justicia destaca el combate a la corrupci\u00f3n, as\u00ed lo dio a conocer Santos Marcial Lucas, integrante del Comit\u00e9. Los integrantes del Comit\u00e9 del Plan de Justicia de los Pueblos Afectados de la Presa de Temascal y Cerro de [&hellip;]<\/p>\n","protected":false},"author":2476,"featured_media":60026,"comment_status":"open","ping_status":"open","sticky":false,"template":"","format":"standard","meta":{"_jetpack_memberships_contains_paid_content":false,"footnotes":""},"categories":[2],"tags":[],"class_list":["post-60025","post","type-post","status-publish","format-standard","has-post-thumbnail","hentry","category-estado"],"jetpack_featured_media_url":"https:\/\/encuentroinformativo.com.mx\/wp-content\/uploads\/2024\/10\/IMG-20241028-WA0016.jpg","jetpack_sharing_enabled":true,"jetpack_likes_enabled":true,"amp_enabled":true,"_links":{"self":[{"href":"https:\/\/encuentroinformativo.com.mx\/index.php?rest_route=\/wp\/v2\/posts\/60025","targetHints":{"allow":["GET"]}}],"collection":[{"href":"https:\/\/encuentroinformativo.com.mx\/index.php?rest_route=\/wp\/v2\/posts"}],"about":[{"href":"https:\/\/encuentroinformativo.com.mx\/index.php?rest_route=\/wp\/v2\/types\/post"}],"author":[{"embeddable":true,"href":"https:\/\/encuentroinformativo.com.mx\/index.php?rest_route=\/wp\/v2\/users\/2476"}],"replies":[{"embeddable":true,"href":"https:\/\/encuentroinformativo.com.mx\/index.php?rest_route=%2Fwp%2Fv2%2Fcomments&post=60025"}],"version-history":[{"count":1,"href":"https:\/\/encuentroinformativo.com.mx\/index.php?rest_route=\/wp\/v2\/posts\/60025\/revisions"}],"predecessor-version":[{"id":60027,"href":"https:\/\/encuentroinformativo.com.mx\/index.php?rest_route=\/wp\/v2\/posts\/60025\/revisions\/60027"}],"wp:featuredmedia":[{"embeddable":true,"href":"https:\/\/encuentroinformativo.com.mx\/index.php?rest_route=\/wp\/v2\/media\/60026"}],"wp:attachment":[{"href":"https:\/\/encuentroinformativo.com.mx\/index.php?rest_route=%2Fwp%2Fv2%2Fmedia&parent=60025"}],"wp:term":[{"taxonomy":"category","embeddable":true,"href":"https:\/\/encuentroinformativo.com.mx\/index.php?rest_route=%2Fwp%2Fv2%2Fcategories&post=60025"},{"taxonomy":"post_tag","embeddable":true,"href":"https:\/\/encuentroinformativo.com.mx\/index.php?rest_route=%2Fwp%2Fv2%2Ftags&post=60025"}],"curies":[{"name":"wp","href":"https:\/\/api.w.org\/{rel}","templated":true}]}}