{"id":6003,"date":"2020-09-21T08:21:09","date_gmt":"2020-09-21T13:21:09","guid":{"rendered":"https:\/\/encuentroinformativo.com.mx\/?p=6003"},"modified":"2020-09-21T07:29:34","modified_gmt":"2020-09-21T12:29:34","slug":"por-falta-de-pagos-docentes-dejan-de-atender-clases-en-linea","status":"publish","type":"post","link":"https:\/\/encuentroinformativo.com.mx\/?p=6003","title":{"rendered":"Por falta de pagos, docentes dejan de atender clases en l\u00ednea"},"content":{"rendered":"\n<p><strong>Juan Arcos <\/strong><\/p>\n\n\n\n<p>Xalapa, Ver.- Un total de 22 maestros de la secundaria t\u00e9cnica industrial n\u00famero 97 de Xalapa dejaron de atender las clases en l\u00ednea, como parte de una protesta por la falta de pago de sus salarios.<\/p>\n\n\n\n<p>En redes sociales, circula un documento por parte de los profesores y la Direcci\u00f3n del plantel, donde se informa a las madres y padres de familia una lista de los grados y grupos que no ser\u00e1n atendidos hasta que la Secretar\u00eda de Educaci\u00f3n de Veracruz (SEV) solucione el problema.<\/p>\n\n\n\n<p>\u201cTenemos inconsistencias administrativas con recursos humanos (Docentes), por el motivo de la NO asignaci\u00f3n de la orden de presentaci\u00f3n (contrato temporal o permanente) y por lo consecuente no reciben salario alguno por parte la Secretaria de Educaci\u00f3n de Veracruz\u201d, se lee.<\/p>\n\n\n\n<p>Al respecto, la profesora Mariel, quien omiti\u00f3 su nombre completo por temor a represalias, confirm\u00f3 que el personal docente ha laborado sin recibir el salario correspondiente desde hace varios meses y, en algunos casos, desde hace a\u00f1os.<\/p>\n\n\n\n<p>\u201cSomos 22 maestros los que nos vemos afectados con esta situaci\u00f3n desde hace tres o cuatro a\u00f1os y la situaci\u00f3n surge a ra\u00edz de la jubilaci\u00f3n de compa\u00f1eros, y dentro de estas negociaciones con la Secretar\u00eda de Educaci\u00f3n, un tanto por ciento de las horas de esos maestros se quedan para ser beneficiados o apoyados los maestros que estemos en plantilla\u201d, explic\u00f3.<\/p>\n\n\n\n<p>La entrevistada record\u00f3 que a partir de esas negociaciones se comenzaron los interinatos, mismos que deben prorrogarse cada seis meses y, al t\u00e9rmino, es inminente la suspensi\u00f3n de pagos.<\/p>\n\n\n\n<p>\u201cPasan uno, dos y hasta dos meses y medio para que salga nuevamente la siguiente pr\u00f3rroga. En este lapso ya se perdieron cuatro quincenas, que no son retroactivas, en todo este tiempo, hay maestros que, por problemas en las claves que no han podido solucionar en la Secretar\u00eda, no han recibido pago desde hace casi un a\u00f1o\u201d.<\/p>\n\n\n\n<p>Las pr\u00f3rrogas concluyeron el pasado 15 de agosto y, desde entonces, los maestros han trabajado \u201cgratis\u201d, toda vez que los pagos no son retroactivos por parte de la SEV.<\/p>\n\n\n\n<p>En el oficio dirigido a las mam\u00e1s y pap\u00e1s tambi\u00e9n se detalla que el n\u00famero de horas que debe contratar la SEV es equivalente al 13 por ciento del total de las horas docentes.<\/p>\n\n\n\n<p>Los profesores han acudido personalmente a la SEV para solicitar que sea realizado el tr\u00e1mite correspondiente; sin embargo, solo han recibido \u201clargas\u201d.<\/p>\n\n\n\n<p>\u201cHay maestros que estamos evaluados y no hemos sido basificados, hay maestras que solicitan evaluarse y les dicen que no se pueden evaluarse para tener este beneficio de basificar esas horas\u201d, coment\u00f3 la profesora.<\/p>\n\n\n\n<p>Los docentes est\u00e1n agobiados por la incertidumbre, pues las autoridades educativas no han informado nada al respecto y existe el rumor de que sus claves magisteriales sean utilizadas para una prelaci\u00f3n o gente de nuevo ingreso.<\/p>\n\n\n\n<p>Los maestros de la delegaci\u00f3n D-II-225 de la secci\u00f3n 32 del Sindicato Nacional de Trabajadores de la Educaci\u00f3n (SNTE) pidieron comprensi\u00f3n a los padres de familia, pues aseguraron que no han abandonado sus labores por \u201cflojera\u201d, sino porque tienen que defender sus derechos laborales y no est\u00e1n dispuestos a seguir trabajando sin recibir un pago.<\/p>\n\n\n\n<p>Se habla de unos 400 estudiantes afectados por la suspensi\u00f3n de clases en l\u00ednea, a partir de este viernes 18 de septiembre.<\/p>\n\n\n\n<p>\u201cComo es por n\u00famero de horas las asignaturas, por eso todos son afectados o la mayor\u00eda, son pocos los que tienen su jordana completa de maestros\u201d, a\u00f1adi\u00f3 la docente.\u00a0<br>Cabe destacar que las madres y padres de familia tambi\u00e9n han externado su inconformidad por las omisiones institucionales, debido a que la falta de la interacci\u00f3n que mantienen docentes con los alumnos, mediante la plataforma digital Teams, frenar\u00eda el desarrollo acad\u00e9mico.<\/p>\n\n\n\n<p>La escuela se encuentra sobre la calle Higo de la colonia Arboledas del Sumidero, una zona apartada del Centro Hist\u00f3rico de la ciudad.<\/p>\n","protected":false},"excerpt":{"rendered":"<p>Juan Arcos Xalapa, Ver.- Un total de 22 maestros de la secundaria t\u00e9cnica industrial n\u00famero 97 de Xalapa dejaron de atender las clases en l\u00ednea, como parte de una protesta por la falta de pago de sus salarios. En redes sociales, circula un documento por parte de los profesores y la Direcci\u00f3n del plantel, donde [&hellip;]<\/p>\n","protected":false},"author":1,"featured_media":6004,"comment_status":"open","ping_status":"open","sticky":false,"template":"","format":"aside","meta":{"_jetpack_memberships_contains_paid_content":false,"footnotes":""},"categories":[3],"tags":[],"class_list":["post-6003","post","type-post","status-publish","format-aside","has-post-thumbnail","hentry","category-xalapa","post_format-post-format-aside"],"jetpack_featured_media_url":"https:\/\/encuentroinformativo.com.mx\/wp-content\/uploads\/2020\/09\/720A3087-90C4-4369-A073-D611BB0E9E91.jpeg","jetpack_sharing_enabled":true,"jetpack_likes_enabled":true,"amp_enabled":true,"_links":{"self":[{"href":"https:\/\/encuentroinformativo.com.mx\/index.php?rest_route=\/wp\/v2\/posts\/6003","targetHints":{"allow":["GET"]}}],"collection":[{"href":"https:\/\/encuentroinformativo.com.mx\/index.php?rest_route=\/wp\/v2\/posts"}],"about":[{"href":"https:\/\/encuentroinformativo.com.mx\/index.php?rest_route=\/wp\/v2\/types\/post"}],"author":[{"embeddable":true,"href":"https:\/\/encuentroinformativo.com.mx\/index.php?rest_route=\/wp\/v2\/users\/1"}],"replies":[{"embeddable":true,"href":"https:\/\/encuentroinformativo.com.mx\/index.php?rest_route=%2Fwp%2Fv2%2Fcomments&post=6003"}],"version-history":[{"count":1,"href":"https:\/\/encuentroinformativo.com.mx\/index.php?rest_route=\/wp\/v2\/posts\/6003\/revisions"}],"predecessor-version":[{"id":6005,"href":"https:\/\/encuentroinformativo.com.mx\/index.php?rest_route=\/wp\/v2\/posts\/6003\/revisions\/6005"}],"wp:featuredmedia":[{"embeddable":true,"href":"https:\/\/encuentroinformativo.com.mx\/index.php?rest_route=\/wp\/v2\/media\/6004"}],"wp:attachment":[{"href":"https:\/\/encuentroinformativo.com.mx\/index.php?rest_route=%2Fwp%2Fv2%2Fmedia&parent=6003"}],"wp:term":[{"taxonomy":"category","embeddable":true,"href":"https:\/\/encuentroinformativo.com.mx\/index.php?rest_route=%2Fwp%2Fv2%2Fcategories&post=6003"},{"taxonomy":"post_tag","embeddable":true,"href":"https:\/\/encuentroinformativo.com.mx\/index.php?rest_route=%2Fwp%2Fv2%2Ftags&post=6003"}],"curies":[{"name":"wp","href":"https:\/\/api.w.org\/{rel}","templated":true}]}}