{"id":60046,"date":"2024-10-28T14:09:33","date_gmt":"2024-10-28T20:09:33","guid":{"rendered":"https:\/\/encuentroinformativo.com.mx\/?p=60046"},"modified":"2024-10-28T14:09:39","modified_gmt":"2024-10-28T20:09:39","slug":"plataformas-de-alquiler-tambien-podrian-ser-reguladas-en-veracruz","status":"publish","type":"post","link":"https:\/\/encuentroinformativo.com.mx\/?p=60046","title":{"rendered":"Plataformas de alquiler tambi\u00e9n podr\u00edan ser reguladas en Veracruz"},"content":{"rendered":"\n<p><strong>Alejandro \u00c1vila<\/strong><\/p>\n\n\n\n<p>Veracruz, Ver.- Tras la decisi\u00f3n implementada en la Ciudad de M\u00e9xico, donde se iniciar\u00e1 a regular el servicio de plataformas de alquiler de vivienda temporal, esta situaci\u00f3n podr\u00eda extenderse hacia varios Estados de la rep\u00fablica, mencion\u00f3 el expresidente de la Asociaci\u00f3n Mexicana de Profesionales Inmobiliarios (AMPI), Pedro Fern\u00e1ndez Mart\u00ednez.<\/p>\n\n\n\n<p>El empresario admiti\u00f3 que esta medida busca ordenar y establecer par\u00e1metros claros para operaciones de empresas como Airbnb y Booking, que han experimentado un crecimiento significativo en los \u00faltimos a\u00f1os.<\/p>\n\n\n\n<p>El experto inmobiliario consider\u00f3 que la regulaci\u00f3n es necesaria para garantizar la seguridad y calidad de los servicios ofrecidos, as\u00ed como la competencia con el sector hotelero.<\/p>\n\n\n\n<p>Sin embargo, advirti\u00f3 que esta regulaci\u00f3n podr\u00eda tener un impacto en los precios del hospedaje, encareci\u00e9ndolos para los consumidores.<\/p>\n\n\n\n<p>\u201cEs poca equitativa la competencia y empiezan a subir como la espuma este tipo de plataformas y de alguna manera se necesita regular y poner candados. Esa es una parte positiva para proteger a la industria tur\u00edstica. Tambi\u00e9n se establecen sanciones si rentas m\u00e1s de 180 d\u00edas pero hay quienes invirtieron en estos inmuebles y si tienes una buena oferta pero viene una regulaci\u00f3n lo que puede suceder es el que el arrendamiento se va a encarecer porque ya no puedes rentar todos el a\u00f1o\u201d.<\/p>\n\n\n\n<p>Dijo que es fundamental encontrar un equilibrio entre la regulaci\u00f3n y la libertad de operaci\u00f3n para estas plataformas y evitar el encarecimiento del hospedaje para los consumidores.<\/p>\n\n\n\n<p>La regulaci\u00f3n de las plataformas de alquiler de vivienda temporal es un tema relevante en la industria inmobiliaria, y su implementaci\u00f3n en los estados podr\u00eda tener un impacto significativo en el mercado.<\/p>\n\n\n\n<p>\u201cVa a estar limitado quien se dedique a este tipo de actividad bastante redituable. Vamos a tener como efecto colateral peligroso que suba el arrendamiento porque van a buscar nivelar estos ingresos contra las inversiones que se hacen\u201d.<\/p>\n\n\n\n<p>Cabe mencionar que el pleno del Congreso de la Ciudad de M\u00e9xico aprob\u00f3 el dictamen a la iniciativa para regular el servicio de plataformas de alquiler de vivienda temporal. Se establece que la ocupaci\u00f3n m\u00e1xima para las unidades de alojamiento inscritas en las aplicaciones ser\u00e1 de 50 por ciento al a\u00f1o, para regular el mercado de alquileres vacacionales y equilibrar la competencia con el sector hotelero tradicional.<\/p>\n\n\n\n<p>Los propietarios que excedan dicho l\u00edmite tendr\u00e1n que esperar un a\u00f1o para volver a ofrecer el alojamiento.<\/p>\n","protected":false},"excerpt":{"rendered":"<p>Alejandro \u00c1vila Veracruz, Ver.- Tras la decisi\u00f3n implementada en la Ciudad de M\u00e9xico, donde se iniciar\u00e1 a regular el servicio de plataformas de alquiler de vivienda temporal, esta situaci\u00f3n podr\u00eda extenderse hacia varios Estados de la rep\u00fablica, mencion\u00f3 el expresidente de la Asociaci\u00f3n Mexicana de Profesionales Inmobiliarios (AMPI), Pedro Fern\u00e1ndez Mart\u00ednez. El empresario admiti\u00f3 que [&hellip;]<\/p>\n","protected":false},"author":2476,"featured_media":60047,"comment_status":"open","ping_status":"open","sticky":false,"template":"","format":"standard","meta":{"_jetpack_memberships_contains_paid_content":false,"footnotes":""},"categories":[2],"tags":[],"class_list":["post-60046","post","type-post","status-publish","format-standard","has-post-thumbnail","hentry","category-estado"],"jetpack_featured_media_url":"https:\/\/encuentroinformativo.com.mx\/wp-content\/uploads\/2024\/10\/IMG-20241028-WA0059.jpg","jetpack_sharing_enabled":true,"jetpack_likes_enabled":true,"amp_enabled":true,"_links":{"self":[{"href":"https:\/\/encuentroinformativo.com.mx\/index.php?rest_route=\/wp\/v2\/posts\/60046","targetHints":{"allow":["GET"]}}],"collection":[{"href":"https:\/\/encuentroinformativo.com.mx\/index.php?rest_route=\/wp\/v2\/posts"}],"about":[{"href":"https:\/\/encuentroinformativo.com.mx\/index.php?rest_route=\/wp\/v2\/types\/post"}],"author":[{"embeddable":true,"href":"https:\/\/encuentroinformativo.com.mx\/index.php?rest_route=\/wp\/v2\/users\/2476"}],"replies":[{"embeddable":true,"href":"https:\/\/encuentroinformativo.com.mx\/index.php?rest_route=%2Fwp%2Fv2%2Fcomments&post=60046"}],"version-history":[{"count":1,"href":"https:\/\/encuentroinformativo.com.mx\/index.php?rest_route=\/wp\/v2\/posts\/60046\/revisions"}],"predecessor-version":[{"id":60048,"href":"https:\/\/encuentroinformativo.com.mx\/index.php?rest_route=\/wp\/v2\/posts\/60046\/revisions\/60048"}],"wp:featuredmedia":[{"embeddable":true,"href":"https:\/\/encuentroinformativo.com.mx\/index.php?rest_route=\/wp\/v2\/media\/60047"}],"wp:attachment":[{"href":"https:\/\/encuentroinformativo.com.mx\/index.php?rest_route=%2Fwp%2Fv2%2Fmedia&parent=60046"}],"wp:term":[{"taxonomy":"category","embeddable":true,"href":"https:\/\/encuentroinformativo.com.mx\/index.php?rest_route=%2Fwp%2Fv2%2Fcategories&post=60046"},{"taxonomy":"post_tag","embeddable":true,"href":"https:\/\/encuentroinformativo.com.mx\/index.php?rest_route=%2Fwp%2Fv2%2Ftags&post=60046"}],"curies":[{"name":"wp","href":"https:\/\/api.w.org\/{rel}","templated":true}]}}