{"id":60052,"date":"2024-10-28T14:23:20","date_gmt":"2024-10-28T20:23:20","guid":{"rendered":"https:\/\/encuentroinformativo.com.mx\/?p=60052"},"modified":"2024-10-28T14:23:26","modified_gmt":"2024-10-28T20:23:26","slug":"entrega-amecope-reconocimientos-a-comunicadores-por-destacada-labor-informativa","status":"publish","type":"post","link":"https:\/\/encuentroinformativo.com.mx\/?p=60052","title":{"rendered":"Entrega AMECOPE reconocimientos a comunicadores por destacada labor informativa"},"content":{"rendered":"\n<p><strong>Redacci\u00f3n<\/strong><\/p>\n\n\n\n<p>Veracruz, Ver.- Por su destacada labor informativa durante la pasada contingencia por el temporal lluvioso de los d\u00edas 20 y 21 de octubre, los equipos informativos de Veracruz En Alerta (VEA) y Reportes al Momento, recibieron un especial reconocimiento por parte de la Asociaci\u00f3n Mexicana de Comunicadores y Periodistas (AMECOPE) delegaci\u00f3n Veracruz-Boca del R\u00edo que dirige la licenciada Patricia Aguilar Pardo y el Subdelegado Alejandro \u00c1vila de la Vega.<\/p>\n\n\n\n<p>Cabe recordar que el pasado domingo 21 y lunes 22 de octubre, se registraron fuertes lluvias en todo el litoral del Golfo de M\u00e9xico, causado por la interacci\u00f3n de los remanentes de la tormenta tropical &#8220;Nadine&#8221; y su interacci\u00f3n con el frente frio n\u00famero 4.<\/p>\n\n\n\n<p>Desde la tarde del domingo fuertes lluvias se registraron en la zona conurbada Veracruz-Boca del R\u00edo que para el lunes alcanzaron los casi 400mm, lo que provoc\u00f3 el colapso del sistema de drenaje pluvial y por consiguiente, severas inundaciones en los municipios de Veracruz, Boca del R\u00edo, y otros cercanos a la regi\u00f3n.<\/p>\n\n\n\n<p>En este contexto, los equipos informativos de Veracruz en Alerta:<br>Director, Manuel Monroy Castro<br>Subdirector, Juan Carlos Parra Ibarra<br>Editor, Jesus Alejandro Hern\u00e1ndez Morteo<br>Reporteros y fot\u00f3grafos.<br>Ruben Santos Hern\u00e1ndez<br>Victor Hugo Ya\u00f1ez Ramos<br>Eleuterio Jos\u00e9 Hern\u00e1ndez S\u00e1nchez<br>\u00c1lvaro V\u00e1zquez Hern\u00e1ndez<br>Jair Daniel Zamudio Dominguez<br>Gonzalo Ram\u00edrez Flores<br>Jos\u00e9 Luis Gallegos Alejandro<br>Franco Edgar Cardel Sandoval.<\/p>\n\n\n\n<p>As\u00ed como de Reportes Al Momento:<br>Director General: Mario Alberto Sosa, y reporteros y colaboradores, Yael Alberto Sosa y Emilio Romero.<\/p>\n\n\n\n<p>Todos desplegaron un cerco informativo que mantuvieron bien enterada a la ciudadan\u00eda de la regi\u00f3n de la contingencia que estaba ocurriendo.<\/p>\n\n\n\n<p>Esto permiti\u00f3 que autoridades de los tres niveles de gobierno, tuvieran un panorama m\u00e1s amplio de la situaci\u00f3n que prevalec\u00eda, y pudieran brindar el apoyo que necesitaba la poblaci\u00f3n.<\/p>\n\n\n\n<p>Por todo lo anterior, este lunes se hizo entrega de este reconocimiento a su labor informativa, incentiv\u00e1ndolos a continuar con su ejercicio informativo veraz y oportuno.<\/p>\n","protected":false},"excerpt":{"rendered":"<p>Redacci\u00f3n Veracruz, Ver.- Por su destacada labor informativa durante la pasada contingencia por el temporal lluvioso de los d\u00edas 20 y 21 de octubre, los equipos informativos de Veracruz En Alerta (VEA) y Reportes al Momento, recibieron un especial reconocimiento por parte de la Asociaci\u00f3n Mexicana de Comunicadores y Periodistas (AMECOPE) delegaci\u00f3n Veracruz-Boca del R\u00edo [&hellip;]<\/p>\n","protected":false},"author":2476,"featured_media":60053,"comment_status":"open","ping_status":"open","sticky":false,"template":"","format":"standard","meta":{"_jetpack_memberships_contains_paid_content":false,"footnotes":""},"categories":[2],"tags":[],"class_list":["post-60052","post","type-post","status-publish","format-standard","has-post-thumbnail","hentry","category-estado"],"jetpack_featured_media_url":"https:\/\/encuentroinformativo.com.mx\/wp-content\/uploads\/2024\/10\/IMG-20241028-WA00602.jpg","jetpack_sharing_enabled":true,"jetpack_likes_enabled":true,"amp_enabled":true,"_links":{"self":[{"href":"https:\/\/encuentroinformativo.com.mx\/index.php?rest_route=\/wp\/v2\/posts\/60052","targetHints":{"allow":["GET"]}}],"collection":[{"href":"https:\/\/encuentroinformativo.com.mx\/index.php?rest_route=\/wp\/v2\/posts"}],"about":[{"href":"https:\/\/encuentroinformativo.com.mx\/index.php?rest_route=\/wp\/v2\/types\/post"}],"author":[{"embeddable":true,"href":"https:\/\/encuentroinformativo.com.mx\/index.php?rest_route=\/wp\/v2\/users\/2476"}],"replies":[{"embeddable":true,"href":"https:\/\/encuentroinformativo.com.mx\/index.php?rest_route=%2Fwp%2Fv2%2Fcomments&post=60052"}],"version-history":[{"count":1,"href":"https:\/\/encuentroinformativo.com.mx\/index.php?rest_route=\/wp\/v2\/posts\/60052\/revisions"}],"predecessor-version":[{"id":60054,"href":"https:\/\/encuentroinformativo.com.mx\/index.php?rest_route=\/wp\/v2\/posts\/60052\/revisions\/60054"}],"wp:featuredmedia":[{"embeddable":true,"href":"https:\/\/encuentroinformativo.com.mx\/index.php?rest_route=\/wp\/v2\/media\/60053"}],"wp:attachment":[{"href":"https:\/\/encuentroinformativo.com.mx\/index.php?rest_route=%2Fwp%2Fv2%2Fmedia&parent=60052"}],"wp:term":[{"taxonomy":"category","embeddable":true,"href":"https:\/\/encuentroinformativo.com.mx\/index.php?rest_route=%2Fwp%2Fv2%2Fcategories&post=60052"},{"taxonomy":"post_tag","embeddable":true,"href":"https:\/\/encuentroinformativo.com.mx\/index.php?rest_route=%2Fwp%2Fv2%2Ftags&post=60052"}],"curies":[{"name":"wp","href":"https:\/\/api.w.org\/{rel}","templated":true}]}}