{"id":60058,"date":"2024-10-28T15:05:38","date_gmt":"2024-10-28T21:05:38","guid":{"rendered":"https:\/\/encuentroinformativo.com.mx\/?p=60058"},"modified":"2024-10-28T15:05:43","modified_gmt":"2024-10-28T21:05:43","slug":"acusan-presunto-despojo-en-fraccionamiento-de-xalapa","status":"publish","type":"post","link":"https:\/\/encuentroinformativo.com.mx\/?p=60058","title":{"rendered":"Acusan presunto despojo en fraccionamiento de Xalapa"},"content":{"rendered":"\n<p><strong>Dar\u00edo Pale <\/strong><\/p>\n\n\n\n<p>Xalapa, Ver.- Con la finalidad de exigir justicia protestan contra despojo en un fraccionamiento de Xalapa, denuncian que hay muchas irregularidades por lo cual pretenden desalojar del fraccionamiento \u201cEcol\u00f3gico y Popular de las Minas\u201d.<\/p>\n\n\n\n<p>Por los que un grupo de ciudadanos se manifest\u00f3 y bloque\u00f3 la calle Juan de la Luz Enr\u00edquez para denunciar p\u00fablicamente que intentan ser despojados, la finalidad es exigir justicia a sus demandas pues comentaron irregularidades en la unidad habitacional de la ciudad de Xalapa.<\/p>\n\n\n\n<p>\u201cEstamos haciendo un fraccionamiento ecol\u00f3gico\u201d explicaron durante la protesta frente al Palacio de Gobierno de Veracruz, donde indicaron que el hijo de quien vendi\u00f3 el terreno, en 2023 los denunci\u00f3 ante la Fiscal\u00eda General del Estado (FGE) por despojo.<\/p>\n\n\n\n<p>Pero los manifestantes aseguraron contar con toda la documentaci\u00f3n desde hace 25 a\u00f1os, cuando adquirieron los terrenos, este predio se ubica en las orillas de la capital veracruzana, rumbo a la zona de El Tronconal, cercano a la colonia La Haciendita.<\/p>\n\n\n\n<p>\u201cPresentamos la documentaci\u00f3n, tenemos la posesi\u00f3n legal, no procede el despojo, archivan la denuncia y en mayo de este a\u00f1o (2024) se meten a nuestro terreno, con todo lujo de violencia, con armas, machetes, le ponen cadenas y candados a casas de compa\u00f1eras\u201d, se\u00f1alaron.<\/p>\n\n\n\n<p>Dieron a conocer que, por este caso, tambi\u00e9n hicieron la denuncia para dejar asentados cada uno de los hechos.<\/p>\n\n\n\n<p>Por \u00faltimo exigen la devoluci\u00f3n de sus predios de los cuales argumentan quieren ser despojados, por esa raz\u00f3n continuar\u00e1n para llevar a cabo las protestas en defensa de lo que aseguran es su patrimonio donde hay un promedio de 140 afectados.<\/p>\n\n\n\n<figure class=\"wp-block-image size-large\"><img loading=\"lazy\" decoding=\"async\" width=\"1024\" height=\"576\" src=\"https:\/\/encuentroinformativo.com.mx\/wp-content\/uploads\/2024\/10\/1000413579-1024x576.jpg\" alt=\"\" class=\"wp-image-60060\" srcset=\"https:\/\/encuentroinformativo.com.mx\/wp-content\/uploads\/2024\/10\/1000413579-1024x576.jpg 1024w, https:\/\/encuentroinformativo.com.mx\/wp-content\/uploads\/2024\/10\/1000413579-300x169.jpg 300w, https:\/\/encuentroinformativo.com.mx\/wp-content\/uploads\/2024\/10\/1000413579-768x432.jpg 768w, https:\/\/encuentroinformativo.com.mx\/wp-content\/uploads\/2024\/10\/1000413579-1536x864.jpg 1536w, https:\/\/encuentroinformativo.com.mx\/wp-content\/uploads\/2024\/10\/1000413579.jpg 1600w\" sizes=\"auto, (max-width: 1024px) 100vw, 1024px\" \/><\/figure>\n","protected":false},"excerpt":{"rendered":"<p>Dar\u00edo Pale Xalapa, Ver.- Con la finalidad de exigir justicia protestan contra despojo en un fraccionamiento de Xalapa, denuncian que hay muchas irregularidades por lo cual pretenden desalojar del fraccionamiento \u201cEcol\u00f3gico y Popular de las Minas\u201d. Por los que un grupo de ciudadanos se manifest\u00f3 y bloque\u00f3 la calle Juan de la Luz Enr\u00edquez para [&hellip;]<\/p>\n","protected":false},"author":2476,"featured_media":60059,"comment_status":"open","ping_status":"open","sticky":false,"template":"","format":"standard","meta":{"_jetpack_memberships_contains_paid_content":false,"footnotes":""},"categories":[3],"tags":[],"class_list":["post-60058","post","type-post","status-publish","format-standard","has-post-thumbnail","hentry","category-xalapa"],"jetpack_featured_media_url":"https:\/\/encuentroinformativo.com.mx\/wp-content\/uploads\/2024\/10\/IMG-20241028-WA0105.jpg","jetpack_sharing_enabled":true,"jetpack_likes_enabled":true,"amp_enabled":true,"_links":{"self":[{"href":"https:\/\/encuentroinformativo.com.mx\/index.php?rest_route=\/wp\/v2\/posts\/60058","targetHints":{"allow":["GET"]}}],"collection":[{"href":"https:\/\/encuentroinformativo.com.mx\/index.php?rest_route=\/wp\/v2\/posts"}],"about":[{"href":"https:\/\/encuentroinformativo.com.mx\/index.php?rest_route=\/wp\/v2\/types\/post"}],"author":[{"embeddable":true,"href":"https:\/\/encuentroinformativo.com.mx\/index.php?rest_route=\/wp\/v2\/users\/2476"}],"replies":[{"embeddable":true,"href":"https:\/\/encuentroinformativo.com.mx\/index.php?rest_route=%2Fwp%2Fv2%2Fcomments&post=60058"}],"version-history":[{"count":1,"href":"https:\/\/encuentroinformativo.com.mx\/index.php?rest_route=\/wp\/v2\/posts\/60058\/revisions"}],"predecessor-version":[{"id":60061,"href":"https:\/\/encuentroinformativo.com.mx\/index.php?rest_route=\/wp\/v2\/posts\/60058\/revisions\/60061"}],"wp:featuredmedia":[{"embeddable":true,"href":"https:\/\/encuentroinformativo.com.mx\/index.php?rest_route=\/wp\/v2\/media\/60059"}],"wp:attachment":[{"href":"https:\/\/encuentroinformativo.com.mx\/index.php?rest_route=%2Fwp%2Fv2%2Fmedia&parent=60058"}],"wp:term":[{"taxonomy":"category","embeddable":true,"href":"https:\/\/encuentroinformativo.com.mx\/index.php?rest_route=%2Fwp%2Fv2%2Fcategories&post=60058"},{"taxonomy":"post_tag","embeddable":true,"href":"https:\/\/encuentroinformativo.com.mx\/index.php?rest_route=%2Fwp%2Fv2%2Ftags&post=60058"}],"curies":[{"name":"wp","href":"https:\/\/api.w.org\/{rel}","templated":true}]}}