{"id":6006,"date":"2020-09-21T08:42:54","date_gmt":"2020-09-21T13:42:54","guid":{"rendered":"https:\/\/encuentroinformativo.com.mx\/?p=6006"},"modified":"2020-09-21T08:42:57","modified_gmt":"2020-09-21T13:42:57","slug":"feminicidios-y-la-fiscalia","status":"publish","type":"post","link":"https:\/\/encuentroinformativo.com.mx\/?p=6006","title":{"rendered":"Feminicidios, \u00bfy la Fiscal\u00eda?"},"content":{"rendered":"\n<p><strong>N\u00fameros Rojos<\/strong><\/p>\n\n\n\n<p><strong>Brenda Caballero<\/strong><\/p>\n\n\n\n<p>Dicen que las cifras no mienten. De acuerdo a los datos recientes de la secretar\u00eda de Seguridad y Protecci\u00f3n Ciudadana (SSPC), Veracruz ocupa el segundo lugar en casos de feminicidio a nivel nacional con 63 casos. Da coraje, rabia e impotencia saber que esas mujeres se convirtieron en cifras, que perdieron la vida en manos de su esposo, pareja o conocido. Que posiblemente fueron violentadas, golpeadas, violadas y finalmente asesinadas. Da coraje saber que el Estado no les brind\u00f3 protecci\u00f3n ni apoyo para salir de ese c\u00edrculo vicioso. Porque realmente se necesita apoyo para que las mujeres que son violentadas f\u00edsica o psicol\u00f3gicamente terminen con esa espiral de violencia y denuncien.<\/p>\n\n\n\n<p>Si bien es cierto, el problema del feminicidio en Veracruz es de a\u00f1os atr\u00e1s, vale la pena preguntarse el porqu\u00e9 estamos en el segundo lugar&#8230; que si no hubiera sido por la reclasificaci\u00f3n que hizo la Fiscal\u00eda de Veracruz, a cargo de Ver\u00f3nica Hern\u00e1ndez Gi\u00e1dans, de 42 de 142 carpetas de investigaci\u00f3n en 2019, seguramente ocupar\u00edamos el primer lugar.<\/p>\n\n\n\n<p>Aqu\u00ed llama mi atenci\u00f3n diversos aspectos: Los feminicidios en Veracruz no est\u00e1n siendo proporcionales a la poblaci\u00f3n estatal, ya que acumulamos m\u00e1s que la propia Ciudad de M\u00e9xico, apenas abajo del Estado de M\u00e9xico que nos dobla en habitantes. Luego entonces, pudi\u00e9ramos decir que las veracruzanas llevamos la peor parte, incluso las cifras oficiales dadas a conocer por la SSPC difieren de algunos colectivos veracruzanos que contabilizan m\u00e1s feminicidios que los oficialmente declarados.<\/p>\n\n\n\n<p>\u00bfTiene algo que ver&nbsp; la forma en la que se est\u00e1n investigando los feminicidios en Veracruz por parte de la Fiscal\u00eda General del Estado?<\/p>\n\n\n\n<p>El hecho de que haya diferencia en las cifras podr\u00eda significar que los homicidios de las mujeres en Veracruz no se est\u00e1n investigando como feminicidios. \u00bfDe verdad se est\u00e1n haciendo con perspectiva de g\u00e9nero? \u00bfEl tener a una mujer como fiscal incide en las investigaciones de feminicidios?<\/p>\n\n\n\n<p>Si bien la justicia debe ser igual para todos y todas, debe ejercerse con perspectiva de g\u00e9nero.<\/p>\n\n\n\n<p>Cuando lleg\u00f3 Ver\u00f3nica a la Fiscal\u00eda de Veracruz, realmente pens\u00e9 que su empoderamiento ayudar\u00eda a otras mujeres de grupos vulnerables y se reforzar\u00edan las investigaciones sobre feminicidios y desapariciones, pero las cifras demuestran lo contrario.<\/p>\n\n\n\n<p>Buscando en internet, la \u00fanica vez que la Fiscal Ver\u00f3nica hizo declaraciones en este a\u00f1o sobre los feminicidios, es cuando habl\u00f3 de la cero impunidad, el pasado 8 de julio, cuando nos cimbraron los asesinatos de la rectora de la Universidad Valladolid y el asesinato de la peque\u00f1a Reyna Isabel. Dos meses despu\u00e9s no he le\u00eddo ni escuchado a Ver\u00f3nica dar seguimiento a los feminicidios en un estado que ocupa el segundo lugar, de acuerdo a cifras proporcionadas por el organismo que ella misma dirige. No la he visto reunirse con colectivos, de la misma forma que lo hace con funcionarios gubernamentales.<\/p>\n\n\n\n<p>Y s\u00ed, podemos decir que ha participado en las reuniones de seguridad, as\u00ed lo demuestran las fotos, junto a funcionarios de gobierno estatal, pero \u00bfy el seguimiento a los feminicidios? Todos los d\u00edas siguen matando a mujeres y ni\u00f1as en Veracruz.<\/p>\n\n\n\n<p>Antes de finalizar esta columna perm\u00edtame repetir un di\u00e1logo de la Pel\u00edcula \u201cBombshell\u201d que transcrib\u00ed en otra columna:<\/p>\n\n\n\n<p>\u201c\u2013\u00bfPensaste lo que tu silencio implicar\u00eda para nosotras, para las dem\u00e1s?&nbsp;<\/p>\n\n\n\n<p>\u2013Rachel no es mi culpa.<\/p>\n\n\n\n<p>\u2013Me habr\u00eda gustado que alguien me avisara que le interesan m\u00e1s que las piernas.<\/p>\n\n\n\n<p>\u2013Nadie tiene el deber de protegerte Kayla.&nbsp;<\/p>\n\n\n\n<p>\u2013Todas tenemos ese deber.&nbsp;<\/p>\n\n\n\n<p>&#8211; No te entiendo, t\u00fa eres\u2026 tienes poder. \u00bfPor qu\u00e9 sigues obedeciendo viejas reglas? \u00a1Eres Megyn Kelly!\u201d<\/p>\n\n\n\n<p>\u00bfY Ver\u00f3nica no pensar\u00e1 que tiene ese deber?.<\/p>\n\n\n\n<p>@NumerosRojos_BC<\/p>\n\n\n\n<p><a href=\"mailto:caballero_brenda@hotmail.com\" target=\"_blank\" rel=\"noreferrer noopener\">caballero_brenda@hotmail.com<\/a><\/p>\n","protected":false},"excerpt":{"rendered":"<p>N\u00fameros Rojos Brenda Caballero Dicen que las cifras no mienten. De acuerdo a los datos recientes de la secretar\u00eda de Seguridad y Protecci\u00f3n Ciudadana (SSPC), Veracruz ocupa el segundo lugar en casos de feminicidio a nivel nacional con 63 casos. Da coraje, rabia e impotencia saber que esas mujeres se convirtieron en cifras, que perdieron [&hellip;]<\/p>\n","protected":false},"author":1,"featured_media":387,"comment_status":"open","ping_status":"open","sticky":false,"template":"","format":"aside","meta":{"_jetpack_memberships_contains_paid_content":false,"footnotes":""},"categories":[11],"tags":[],"class_list":["post-6006","post","type-post","status-publish","format-aside","has-post-thumbnail","hentry","category-opinion","post_format-post-format-aside"],"jetpack_featured_media_url":"https:\/\/encuentroinformativo.com.mx\/wp-content\/uploads\/2020\/03\/7CF8A22B-2764-47BE-8F7F-38FE9E5D6A2F.jpeg","jetpack_sharing_enabled":true,"jetpack_likes_enabled":true,"amp_enabled":true,"_links":{"self":[{"href":"https:\/\/encuentroinformativo.com.mx\/index.php?rest_route=\/wp\/v2\/posts\/6006","targetHints":{"allow":["GET"]}}],"collection":[{"href":"https:\/\/encuentroinformativo.com.mx\/index.php?rest_route=\/wp\/v2\/posts"}],"about":[{"href":"https:\/\/encuentroinformativo.com.mx\/index.php?rest_route=\/wp\/v2\/types\/post"}],"author":[{"embeddable":true,"href":"https:\/\/encuentroinformativo.com.mx\/index.php?rest_route=\/wp\/v2\/users\/1"}],"replies":[{"embeddable":true,"href":"https:\/\/encuentroinformativo.com.mx\/index.php?rest_route=%2Fwp%2Fv2%2Fcomments&post=6006"}],"version-history":[{"count":1,"href":"https:\/\/encuentroinformativo.com.mx\/index.php?rest_route=\/wp\/v2\/posts\/6006\/revisions"}],"predecessor-version":[{"id":6007,"href":"https:\/\/encuentroinformativo.com.mx\/index.php?rest_route=\/wp\/v2\/posts\/6006\/revisions\/6007"}],"wp:featuredmedia":[{"embeddable":true,"href":"https:\/\/encuentroinformativo.com.mx\/index.php?rest_route=\/wp\/v2\/media\/387"}],"wp:attachment":[{"href":"https:\/\/encuentroinformativo.com.mx\/index.php?rest_route=%2Fwp%2Fv2%2Fmedia&parent=6006"}],"wp:term":[{"taxonomy":"category","embeddable":true,"href":"https:\/\/encuentroinformativo.com.mx\/index.php?rest_route=%2Fwp%2Fv2%2Fcategories&post=6006"},{"taxonomy":"post_tag","embeddable":true,"href":"https:\/\/encuentroinformativo.com.mx\/index.php?rest_route=%2Fwp%2Fv2%2Ftags&post=6006"}],"curies":[{"name":"wp","href":"https:\/\/api.w.org\/{rel}","templated":true}]}}