{"id":60068,"date":"2024-10-28T18:03:22","date_gmt":"2024-10-29T00:03:22","guid":{"rendered":"https:\/\/encuentroinformativo.com.mx\/?p=60068"},"modified":"2024-10-28T18:03:28","modified_gmt":"2024-10-29T00:03:28","slug":"todo-listo-en-boca-del-rio-para-las-festividades-del-dia-de-muertos","status":"publish","type":"post","link":"https:\/\/encuentroinformativo.com.mx\/?p=60068","title":{"rendered":"Todo listo en Boca del R\u00edo para las festividades del D\u00eda de Muertos"},"content":{"rendered":"\n<p><strong>* Del 31 de octubre al 2 de noviembre podr\u00e1n disfrutar de las actividades culturales para recordar y homenajear a nuestros seres queridos.<\/strong><\/p>\n\n\n\n<p>Boca del R\u00edo, Ver.- El Ayuntamiento de Boca del R\u00edo que encabeza el alcalde, Juan Manuel Un\u00e1nue Abascal, dio a conocer el programa de actividades \u201cD\u00eda de Muertos en Boca\u201d que se realizar\u00e1 del 31 de octubre al 2 de noviembre.<\/p>\n\n\n\n<p>En estas fechas, la ciudad de Boca del R\u00edo nuevamente privilegia el recuerdo de nuestros seres amados, homenajeando a quienes ya no est\u00e1n, honrando su memoria y resaltando la importancia de celebrar la vida con la conmemoraci\u00f3n de Todos los Fieles Difuntos.<\/p>\n\n\n\n<p>Como parte de estas festividades, se ha preparado una serie de actividades programadas para el 31, 1 y 2 de noviembre, con el objetivo de fortalecer la convivencia familiar y preservar esta emblem\u00e1tica tradici\u00f3n mexicana.<\/p>\n\n\n\n<p><em><strong>JUEVES 31 DE OCTUBRE<\/strong><\/em><\/p>\n\n\n\n<p>Dar\u00e1 inicio el programa de actividades en punto de la 11 de la ma\u00f1ana con la inauguraci\u00f3n de altares en Palacio Municipal.<\/p>\n\n\n\n<p><em><strong>VIERNES 01 DE NOVIEMBRE<\/strong><\/em><\/p>\n\n\n\n<p>A las 10 a.m. se llevar\u00e1 a cabo la inauguraci\u00f3n y bendici\u00f3n del Altar de \u201cBoque\u00f1os de Origen\u201d en el andador Revoluci\u00f3n (frente a Toritos \u201cLa Chata\u201d).<\/p>\n\n\n\n<p>A las 06 p.m. podr\u00e1n disfrutar de la Verbena Popular en la explanada de Palacio Municipal y recepci\u00f3n de inscripciones a la Pasarela de Catrinas.<\/p>\n\n\n\n<p>7:30 p.m. Pasarela de Catrinas.<br>8:30 p.m. Premiaci\u00f3n de Catrinas<\/p>\n\n\n\n<p><em><strong>S\u00c1BADO 02 DE NOVIEMBRE<\/strong><\/em><\/p>\n\n\n\n<p>8 a.m. Misa de difuntos en Pante\u00f3n Municipal.<br>7 p.m. Misa de difuntos en la Iglesia de Nuestra Se\u00f1ora de Santa Ana.<br>8 p.m. Procesi\u00f3n por el D\u00eda de Muertos de Casa de Cultura al altar de \u201cBoque\u00f1os de Origen\u201d (andador Revoluci\u00f3n).<br>9 p.m. \u201cEnciende una luz a tu difunto\u201d, a un costado del altar de \u201cBoque\u00f1os de Origen\u201d (andador Revoluci\u00f3n).<\/p>\n\n\n\n<p>Con estos eventos el Ayuntamiento de Boca del R\u00edo invita a la comunidad a reunirse y participar en las festividades que destacan la identidad cultural y el respeto a las tradiciones mexicanas.<\/p>\n\n\n\n<p><em><strong>PANTEONES LISTOS<\/strong><\/em><\/p>\n\n\n\n<p>Por otra parte, se informa que por instrucciones del alcalde Juan Manuel Un\u00e1nue Abascal, los panteones municipales ya se encuentran listos para recibir a todos aquellos que gusten visitar a sus seres queridos durante estas importantes fechas.<\/p>\n\n\n\n<p>Se trata del pante\u00f3n de la cabecera municipal y de San Jos\u00e9 Novillero, los cuales previamente han sido fumigados y limpiados.<\/p>\n\n\n\n<p>Cabe recordar que como cada a\u00f1o se implementar\u00e1 un operativo preventivo y de seguridad en los Campos Santos, el cual estar\u00e1 integrado por Protecci\u00f3n Civil Municipal, Polic\u00eda Municipal, Tr\u00e1nsito Municipal, Gobernaci\u00f3n, Comercio y Limpia P\u00fablica.<\/p>\n\n\n\n<figure class=\"wp-block-image size-large\"><img loading=\"lazy\" decoding=\"async\" width=\"1024\" height=\"1024\" src=\"https:\/\/encuentroinformativo.com.mx\/wp-content\/uploads\/2024\/10\/1000413684-1024x1024.jpg\" alt=\"\" class=\"wp-image-60071\" srcset=\"https:\/\/encuentroinformativo.com.mx\/wp-content\/uploads\/2024\/10\/1000413684-1024x1024.jpg 1024w, https:\/\/encuentroinformativo.com.mx\/wp-content\/uploads\/2024\/10\/1000413684-300x300.jpg 300w, https:\/\/encuentroinformativo.com.mx\/wp-content\/uploads\/2024\/10\/1000413684-150x150.jpg 150w, https:\/\/encuentroinformativo.com.mx\/wp-content\/uploads\/2024\/10\/1000413684-768x768.jpg 768w, https:\/\/encuentroinformativo.com.mx\/wp-content\/uploads\/2024\/10\/1000413684.jpg 1280w\" sizes=\"auto, (max-width: 1024px) 100vw, 1024px\" \/><\/figure>\n","protected":false},"excerpt":{"rendered":"<p>* Del 31 de octubre al 2 de noviembre podr\u00e1n disfrutar de las actividades culturales para recordar y homenajear a nuestros seres queridos. Boca del R\u00edo, Ver.- El Ayuntamiento de Boca del R\u00edo que encabeza el alcalde, Juan Manuel Un\u00e1nue Abascal, dio a conocer el programa de actividades \u201cD\u00eda de Muertos en Boca\u201d que se [&hellip;]<\/p>\n","protected":false},"author":2476,"featured_media":60069,"comment_status":"open","ping_status":"open","sticky":false,"template":"","format":"standard","meta":{"_jetpack_memberships_contains_paid_content":false,"footnotes":""},"categories":[2],"tags":[],"class_list":["post-60068","post","type-post","status-publish","format-standard","has-post-thumbnail","hentry","category-estado"],"jetpack_featured_media_url":"https:\/\/encuentroinformativo.com.mx\/wp-content\/uploads\/2024\/10\/IMG-20241028-WA0135.jpg","jetpack_sharing_enabled":true,"jetpack_likes_enabled":true,"amp_enabled":true,"_links":{"self":[{"href":"https:\/\/encuentroinformativo.com.mx\/index.php?rest_route=\/wp\/v2\/posts\/60068","targetHints":{"allow":["GET"]}}],"collection":[{"href":"https:\/\/encuentroinformativo.com.mx\/index.php?rest_route=\/wp\/v2\/posts"}],"about":[{"href":"https:\/\/encuentroinformativo.com.mx\/index.php?rest_route=\/wp\/v2\/types\/post"}],"author":[{"embeddable":true,"href":"https:\/\/encuentroinformativo.com.mx\/index.php?rest_route=\/wp\/v2\/users\/2476"}],"replies":[{"embeddable":true,"href":"https:\/\/encuentroinformativo.com.mx\/index.php?rest_route=%2Fwp%2Fv2%2Fcomments&post=60068"}],"version-history":[{"count":2,"href":"https:\/\/encuentroinformativo.com.mx\/index.php?rest_route=\/wp\/v2\/posts\/60068\/revisions"}],"predecessor-version":[{"id":60072,"href":"https:\/\/encuentroinformativo.com.mx\/index.php?rest_route=\/wp\/v2\/posts\/60068\/revisions\/60072"}],"wp:featuredmedia":[{"embeddable":true,"href":"https:\/\/encuentroinformativo.com.mx\/index.php?rest_route=\/wp\/v2\/media\/60069"}],"wp:attachment":[{"href":"https:\/\/encuentroinformativo.com.mx\/index.php?rest_route=%2Fwp%2Fv2%2Fmedia&parent=60068"}],"wp:term":[{"taxonomy":"category","embeddable":true,"href":"https:\/\/encuentroinformativo.com.mx\/index.php?rest_route=%2Fwp%2Fv2%2Fcategories&post=60068"},{"taxonomy":"post_tag","embeddable":true,"href":"https:\/\/encuentroinformativo.com.mx\/index.php?rest_route=%2Fwp%2Fv2%2Ftags&post=60068"}],"curies":[{"name":"wp","href":"https:\/\/api.w.org\/{rel}","templated":true}]}}